{"id":96721,"date":"2025-10-03T09:26:19","date_gmt":"2025-10-03T09:26:19","guid":{"rendered":"https:\/\/www.europesays.com\/pt\/96721\/"},"modified":"2025-10-03T09:26:19","modified_gmt":"2025-10-03T09:26:19","slug":"leoncio-e-desmascarado-por-armacao-contra-o-conde-de-campos-a-escrava-isaura-r7","status":"publish","type":"post","link":"https:\/\/www.europesays.com\/pt\/96721\/","title":{"rendered":"Le\u00f4ncio \u00e9 desmascarado por arma\u00e7\u00e3o contra o Conde de Campos | A Escrava Isaura &#8211; R7"},"content":{"rendered":"<ol>\n<li><a href=\"https:\/\/news.google.com\/rss\/articles\/CBMiywFBVV95cUxNaDlQbmtTQ09LVjZWTmVyb1V5NHRydWM4cVlCWjVsTE9aLVQwNUZEU1V6YllYMzU1aDBJeGtFenU5NXNKbFJSLV9LRGl1QkxJQl9GUXBsalRMRGtMNHoyWEdSZzlUaVRwNnpqMHU1V2xvSm16cTMxNjhPRW9McWpZTXdUVDVneFJmMWItSjhwbkdSUlVUUVMtNVROWm9ZbWo3NVZtNEJLdkZSYXVONGVna01hMHNrWGZ4T19RSGxTT2pKQ0swVV96N0g0OA?oc=5\" target=\"_blank\" rel=\"nofollow noopener\">Le\u00f4ncio \u00e9 desmascarado por arma\u00e7\u00e3o contra o Conde de Campos | A Escrava Isaura<\/a>&nbsp;&nbsp;R7<\/li>\n<li><a href=\"https:\/\/news.google.com\/rss\/articles\/CBMikwFBVV95cUxNdjdjZFFvVnUwaDZJakxFNExmUmJxOGdXbWtMX1NZcUtfZVpVb08xU295R3JZMWtkRlVRQ3R2OHplVk1VcDhiWFZUQW1wMjFMSzY2UFl2UVhsYkw2NnRiTWpHVGFNZmRwMEFYaFROeUVfaXdWZVJEVWNEOFFuRUcwSWljeFRSd043eHVuTmJINWtiN0E?oc=5\" target=\"_blank\" rel=\"nofollow noopener\">A Escrava Isaura: Le\u00f4ncio aumenta as amea\u00e7as a Isaura<\/a>&nbsp;&nbsp;tvnovelas.com.br<\/li>\n<li><a href=\"https:\/\/news.google.com\/rss\/articles\/CBMijgFBVV95cUxOdjdLeHZCV0xpNFlSUkozN2Y3ZHZ1eVJxMTVCTWQxOEVnSnpwOVljU0ZqdThQckpIWDE1UDM2WnJBZXNaSGlzU1NIdWhtZEh3SXZhYzlnYVpad25LN3NhRV9pbUhoYmx6Nmh5UEo1ai1tUDgxb2dMOEI1UVRHLVZHZDBHS3Z3bVpPQ0N2VXF3?oc=5\" target=\"_blank\" rel=\"nofollow noopener\">Resumo semanal da novela A Escrava Isaura de 01\/10 a 10\/10<\/a>&nbsp;&nbsp;Almanaque Geek<\/li>\n<li><a href=\"https:\/\/news.google.com\/rss\/articles\/CBMitwFBVV95cUxQR3dqODBNWXZsUXFXdFNFa1JNNnBRUEpKM21GWlNHOVlaa3JPaTBydUg4MGdOaHNrWFJVdHpqaEtqajg4OGtaNVhObkVnSzRXYjh5b0RObzd3eW01M1NaSU9qbEY3eTJScUVOVW0xeVlTamJzRkxPMWRaYVp6SnBsam1GSG5hT1dqTXpqY1Q0clNKdmFva2NoSXlaaVFHbWxBTUJnUjdWV1JCTGFxOXFSNk42c0pfWUE?oc=5\" target=\"_blank\" rel=\"nofollow noopener\">A Escrava Isaura: Resumo do cap\u00edtulo de quarta-feira, 01\/10\/2025 \u2013 Todo Canal<\/a>&nbsp;&nbsp;Portal N10<\/li>\n<li><a href=\"https:\/\/news.google.com\/rss\/articles\/CBMipwFBVV95cUxNTWVDUm1LNEp5eDlHQW51MXJ3MFpJekg3X25ZRmp2UWF5Um9KYTlZdjVhVlRMTm84elpmZzRqNFc1V2tJdFJXNnZmQ0Q2c2FJOTVxdTFmY2dxblYzSGZMTzNVa3o3NmplaFM2NUNqajhtU19pakV3LVM4TVA0ZWloUy16YlRNblJ2NzVvM1VGeEQwcXZueDliZm9WSTQ3QmZlaUdNTUZwZw?oc=5\" target=\"_blank\" rel=\"nofollow noopener\">Resumo de &#8220;A Escrava Isaura&#8221;: de 29 de setembro a 4 de outubro<\/a>&nbsp;&nbsp;CNN Brasil<\/li>\n<\/ol>\n","protected":false},"excerpt":{"rendered":"Le\u00f4ncio \u00e9 desmascarado por arma\u00e7\u00e3o contra o Conde de Campos | A Escrava Isaura&nbsp;&nbsp;R7 A Escrava Isaura: Le\u00f4ncio&hellip;\n","protected":false},"author":2,"featured_media":96722,"comment_status":"","ping_status":"","sticky":false,"template":"","format":"standard","meta":{"footnotes":""},"categories":[142],"tags":[14625,114,115,2931,32,33,151],"class_list":{"0":"post-96721","1":"post","2":"type-post","3":"status-publish","4":"format-standard","5":"has-post-thumbnail","7":"category-tv","8":"tag-a-escrava-isaura","9":"tag-entertainment","10":"tag-entretenimento","11":"tag-novela","12":"tag-portugal","13":"tag-pt","14":"tag-tv"},"share_on_mastodon":{"url":"","error":""},"_links":{"self":[{"href":"https:\/\/www.europesays.com\/pt\/wp-json\/wp\/v2\/posts\/96721","targetHints":{"allow":["GET"]}}],"collection":[{"href":"https:\/\/www.europesays.com\/pt\/wp-json\/wp\/v2\/posts"}],"about":[{"href":"https:\/\/www.europesays.com\/pt\/wp-json\/wp\/v2\/types\/post"}],"author":[{"embeddable":true,"href":"https:\/\/www.europesays.com\/pt\/wp-json\/wp\/v2\/users\/2"}],"replies":[{"embeddable":true,"href":"https:\/\/www.europesays.com\/pt\/wp-json\/wp\/v2\/comments?post=96721"}],"version-history":[{"count":0,"href":"https:\/\/www.europesays.com\/pt\/wp-json\/wp\/v2\/posts\/96721\/revisions"}],"wp:featuredmedia":[{"embeddable":true,"href":"https:\/\/www.europesays.com\/pt\/wp-json\/wp\/v2\/media\/96722"}],"wp:attachment":[{"href":"https:\/\/www.europesays.com\/pt\/wp-json\/wp\/v2\/media?parent=96721"}],"wp:term":[{"taxonomy":"category","embeddable":true,"href":"https:\/\/www.europesays.com\/pt\/wp-json\/wp\/v2\/categories?post=96721"},{"taxonomy":"post_tag","embeddable":true,"href":"https:\/\/www.europesays.com\/pt\/wp-json\/wp\/v2\/tags?post=96721"}],"curies":[{"name":"wp","href":"https:\/\/api.w.org\/{rel}","templated":true}]}}