{"id":96742,"date":"2025-10-03T09:48:11","date_gmt":"2025-10-03T09:48:11","guid":{"rendered":"https:\/\/www.europesays.com\/pt\/96742\/"},"modified":"2025-10-03T09:48:11","modified_gmt":"2025-10-03T09:48:11","slug":"avancos-da-russia-na-ucrania-cairam-para-metade-diz-relatorio","status":"publish","type":"post","link":"https:\/\/www.europesays.com\/pt\/96742\/","title":{"rendered":"Avan\u00e7os da R\u00fassia na Ucr\u00e2nia ca\u00edram para metade, diz relat\u00f3rio"},"content":{"rendered":"<p>\t                Apesar dos dados divulgados pela Ucr\u00e2nia, o Minist\u00e9rio da Defesa da R\u00fassia afirma que, desde 1 de janeiro deste ano, conquistou mais de 3.308 quil\u00f3metros quadrados de territ\u00f3rio em Donetsk e mais de 205 quil\u00f3metros quadrados em Luhansk<\/p>\n<p style=\"margin-bottom:11px\">O avan\u00e7o da R\u00fassia na Ucr\u00e2nia abrandou quase para metade em setembro, de acordo com o grupo de monitoriza\u00e7\u00e3o DeepState, com Moscovo a capturar a menor quantidade de territ\u00f3rio desde maio.<\/p>\n<p>\u201cOs russos conseguiram capturar 259 quil\u00f3metros quadrados\u201d em setembro, afirmou o site ucraniano de mapeamento de c\u00f3digo aberto que tra\u00e7a as linhas da frente da guerra, num relat\u00f3rio divulgado na quarta-feira.<\/p>\n<p>\u201cNo m\u00eas passado, o inimigo ocupou 44% menos territ\u00f3rio do que em agosto\u201d, refere. \u201cAo longo do m\u00eas, os russos conseguiram ocupar 0,04% da \u00e1rea total do pa\u00eds, elevando o n\u00famero total para 19,04%\u201d.<\/p>\n<p>Na quarta-feira, o comandante-chefe das For\u00e7as Armadas da Ucr\u00e2nia, general Oleksandr Syrskyi, fez saber que as suas tropas recuperaram o controlo de 2,2 quil\u00f3metros quadrados do territ\u00f3rio ucraniano no \u00faltimo dia.<\/p>\n<p>\u201cAl\u00e9m disso, foram realizadas opera\u00e7\u00f5es de ataque e busca para destruir o inimigo numa \u00e1rea de 3 quil\u00f3metros quadrados no distrito de Pokrovsk, na regi\u00e3o de Donetsk. As nossas unidades de assalto avan\u00e7aram de 100 metros para 1.400 metros em determinadas dire\u00e7\u00f5es\u201d.<\/p>\n<p>O general ucraniano referiu na semana passada que as suas tropas estavam a combater numa linha de frente de quase 1.250 quil\u00f3metros, enquanto a R\u00fassia lan\u00e7ava um grande n\u00famero de pequenos ataques de infantaria numa t\u00e1tica que chamou de \u201cmil cortes\u201d.<\/p>\n<p>O m\u00e9todo da R\u00fassia \u201cenvolve o uso simult\u00e2neo de um grande n\u00famero de pequenos grupos de assalto compostos por quatro a seis soldados que avan\u00e7am usando o terreno, ravinas e planta\u00e7\u00f5es, com a principal tarefa de penetrar o mais profundamente poss\u00edvel no nosso territ\u00f3rio\u201d, sublinhou aos jornalistas em Kiev na \u00faltima quinta-feira.<\/p>\n<p>\u201cEles saem, concentram-se, avan\u00e7am novamente e, em seguida, atacam os nossos alvos profundos, paralisam a nossa log\u00edstica e rota\u00e7\u00e3o de tropas e destroem as nossas linhas de abastecimento. Dessa forma, eles capturam territ\u00f3rio sem usar um grande n\u00famero de tropas\u201d, acrescentou Syrskyi.<\/p>\n<p>Apesar disso, defende, \u201cno geral, a situa\u00e7\u00e3o est\u00e1 sob o nosso controlo. Tivemos algum sucesso recentemente\u201d.<\/p>\n<p>&#8220;O pre\u00e7o desta defesa&#8221; <\/p>\n<p>Entretanto, o Minist\u00e9rio da Defesa da R\u00fassia afirmou na semana passada que, desde 1 de janeiro deste ano, conquistou mais de 3.308 quil\u00f3metros quadrados de territ\u00f3rio em Donetsk e mais de 205 quil\u00f3metros quadrados em Luhansk.<\/p>\n<p>Conhecidas coletivamente como Donbass, as regi\u00f5es de Donetsk e Luhansk t\u00eam terras agr\u00edcolas f\u00e9rteis, rios importantes e uma costa no Mar de Azov.<\/p>\n<p>O Minist\u00e9rio da Defesa russo tamb\u00e9m afirmou ter conquistado centenas de quil\u00f3metros quadrados de territ\u00f3rio nas regi\u00f5es de Kharkiv, Zaporizhzhia, Sumy e Dnipropetrovsk desde o in\u00edcio do ano.<\/p>\n<p>Os ganhos incrementais da R\u00fassia na linha de frente coincidiram com os seus ataques a\u00e9reos \u00e0 Ucr\u00e2nia, que se tornaram maiores e mais frequentes desde que aumentou a produ\u00e7\u00e3o de drones no in\u00edcio do ano.<\/p>\n<p>Pelo menos quatro pessoas foram mortas em ataques noturnos em toda a Ucr\u00e2nia no fim de semana passado, depois de a R\u00fassia ter disparado mais de 600 drones e m\u00edsseis contra o pa\u00eds. Foi o terceiro maior bombardeio relatado pela for\u00e7a a\u00e9rea ucraniana desde o in\u00edcio da invas\u00e3o em grande escala da R\u00fassia em 2022.<\/p>\n<p>Na quarta-feira, o presidente ucraniano Volodymyr Zelensky comemorou o Dia dos Defensores, no qual homenageou &#8220;todos aqueles que se juntaram \u00e0 defesa do nosso Estado, todos aqueles que dedicam os seus esfor\u00e7os para que todo o pa\u00eds possa prevalecer&#8221;.<\/p>\n<p>\u201cAgradecemos a todos os homens e mulheres que defendem a Ucr\u00e2nia. E lembramo-nos do pre\u00e7o desta defesa. Lembramo-nos de cada vida\u201d, sublinhou Zelensky numa publica\u00e7\u00e3o no X.<\/p>\n","protected":false},"excerpt":{"rendered":"Apesar dos dados divulgados pela Ucr\u00e2nia, o Minist\u00e9rio da Defesa da R\u00fassia afirma que, desde 1 de janeiro&hellip;\n","protected":false},"author":2,"featured_media":96743,"comment_status":"","ping_status":"","sticky":false,"template":"","format":"standard","meta":{"footnotes":""},"categories":[50],"tags":[609,836,611,3391,23877,27,28,607,608,333,832,604,9210,135,610,3107,476,15,16,301,830,14,603,25,26,570,8332,21,22,831,833,62,834,12,13,19,20,835,602,52,32,23,24,3813,839,5204,17,18,840,29,30,31,63,64,65,3814],"class_list":{"0":"post-96742","1":"post","2":"type-post","3":"status-publish","4":"format-standard","5":"has-post-thumbnail","7":"category-mundo","8":"tag-alerta","9":"tag-analise","10":"tag-ao-minuto","11":"tag-ataques","12":"tag-avancos","13":"tag-breaking-news","14":"tag-breakingnews","15":"tag-cnn","16":"tag-cnn-portugal","17":"tag-comentadores","18":"tag-costa","19":"tag-crime","20":"tag-deepstate","21":"tag-desporto","22":"tag-direto","23":"tag-donetsk","24":"tag-economia","25":"tag-featured-news","26":"tag-featurednews","27":"tag-governo","28":"tag-guerra","29":"tag-headlines","30":"tag-justica","31":"tag-latest-news","32":"tag-latestnews","33":"tag-live","34":"tag-luhansk","35":"tag-main-news","36":"tag-mainnews","37":"tag-mais-vistas","38":"tag-marcelo","39":"tag-mundo","40":"tag-negocios","41":"tag-news","42":"tag-noticias","43":"tag-noticias-principais","44":"tag-noticiasprincipais","45":"tag-opiniao","46":"tag-pais","47":"tag-politica","48":"tag-portugal","49":"tag-principais-noticias","50":"tag-principaisnoticias","51":"tag-putin","52":"tag-russia","53":"tag-territorio","54":"tag-top-stories","55":"tag-topstories","56":"tag-ucrania","57":"tag-ultimas","58":"tag-ultimas-noticias","59":"tag-ultimasnoticias","60":"tag-world","61":"tag-world-news","62":"tag-worldnews","63":"tag-zelensky"},"share_on_mastodon":{"url":"","error":""},"_links":{"self":[{"href":"https:\/\/www.europesays.com\/pt\/wp-json\/wp\/v2\/posts\/96742","targetHints":{"allow":["GET"]}}],"collection":[{"href":"https:\/\/www.europesays.com\/pt\/wp-json\/wp\/v2\/posts"}],"about":[{"href":"https:\/\/www.europesays.com\/pt\/wp-json\/wp\/v2\/types\/post"}],"author":[{"embeddable":true,"href":"https:\/\/www.europesays.com\/pt\/wp-json\/wp\/v2\/users\/2"}],"replies":[{"embeddable":true,"href":"https:\/\/www.europesays.com\/pt\/wp-json\/wp\/v2\/comments?post=96742"}],"version-history":[{"count":0,"href":"https:\/\/www.europesays.com\/pt\/wp-json\/wp\/v2\/posts\/96742\/revisions"}],"wp:featuredmedia":[{"embeddable":true,"href":"https:\/\/www.europesays.com\/pt\/wp-json\/wp\/v2\/media\/96743"}],"wp:attachment":[{"href":"https:\/\/www.europesays.com\/pt\/wp-json\/wp\/v2\/media?parent=96742"}],"wp:term":[{"taxonomy":"category","embeddable":true,"href":"https:\/\/www.europesays.com\/pt\/wp-json\/wp\/v2\/categories?post=96742"},{"taxonomy":"post_tag","embeddable":true,"href":"https:\/\/www.europesays.com\/pt\/wp-json\/wp\/v2\/tags?post=96742"}],"curies":[{"name":"wp","href":"https:\/\/api.w.org\/{rel}","templated":true}]}}