{"id":96750,"date":"2025-10-03T10:00:06","date_gmt":"2025-10-03T10:00:06","guid":{"rendered":"https:\/\/www.europesays.com\/pt\/96750\/"},"modified":"2025-10-03T10:00:06","modified_gmt":"2025-10-03T10:00:06","slug":"missao-artemis-ii-da-nasa-vai-contornar-a-lua-em-fevereiro-de-2026","status":"publish","type":"post","link":"https:\/\/www.europesays.com\/pt\/96750\/","title":{"rendered":"Miss\u00e3o Artemis II da NASA vai contornar a Lua em fevereiro de 2026"},"content":{"rendered":"<p>A NASA anunciou que a miss\u00e3o Artemis II, o primeiro voo tripulado \u00e0 volta da Lua em mais de 50 anos, est\u00e1 prevista para fevereiro de 2026. O objetivo \u00e9 preparar o regresso humano \u00e0 superf\u00edcie lunar, criar uma presen\u00e7a sustent\u00e1vel e abrir caminho para futuras viagens a Marte.<\/p>\n<p>A miss\u00e3o ter\u00e1 uma dura\u00e7\u00e3o de 10 dias e contar\u00e1 com quatro astronautas: Christina Koch, a primeira mulher a viajar em redor da Lua; Victor Glover, o primeiro astronauta negro nesta rota; Reid Wiseman e Jeremy Hansen.<\/p>\n<p>A tripula\u00e7\u00e3o voar\u00e1 a bordo da nave Orion, constru\u00edda pela NASA em parceria com a Airbus. O m\u00f3dulo de servi\u00e7o europeu fornecer\u00e1 \u00e1gua, oxig\u00e9nio, energia e propuls\u00e3o para levar os astronautas at\u00e9 \u00e0 Lua e traz\u00ea-los de volta em seguran\u00e7a.<\/p>\n<p>Segundo Si\u00e2n Cleaver, respons\u00e1vel pelo m\u00f3dulo europeu, \u201ca Artemis n\u00e3o \u00e9 uma miss\u00e3o de curta dura\u00e7\u00e3o como a Apollo. O objetivo \u00e9 construir uma presen\u00e7a humana sustent\u00e1vel na Lua e utiliz\u00e1-la como trampolim para Marte\u201d.<\/p>\n<p>Os astronautas j\u00e1 treinam em ambientes que simulam o terreno lunar, enquanto a NASA selecionou recentemente 10 novos astronautas entre mais de 8.000 candidatos para futuras miss\u00f5es do programa.<\/p>\n","protected":false},"excerpt":{"rendered":"A NASA anunciou que a miss\u00e3o Artemis II, o primeiro voo tripulado \u00e0 volta da Lua em mais&hellip;\n","protected":false},"author":2,"featured_media":96751,"comment_status":"","ping_status":"","sticky":false,"template":"","format":"standard","meta":{"footnotes":""},"categories":[84],"tags":[109,107,108,489,32,33,105,103,104,106,110],"class_list":{"0":"post-96750","1":"post","2":"type-post","3":"status-publish","4":"format-standard","5":"has-post-thumbnail","7":"category-ciencia-e-tecnologia","8":"tag-ciencia","9":"tag-ciencia-e-tecnologia","10":"tag-cienciaetecnologia","11":"tag-destaque-principal","12":"tag-portugal","13":"tag-pt","14":"tag-science","15":"tag-science-and-technology","16":"tag-scienceandtechnology","17":"tag-technology","18":"tag-tecnologia"},"share_on_mastodon":{"url":"","error":""},"_links":{"self":[{"href":"https:\/\/www.europesays.com\/pt\/wp-json\/wp\/v2\/posts\/96750","targetHints":{"allow":["GET"]}}],"collection":[{"href":"https:\/\/www.europesays.com\/pt\/wp-json\/wp\/v2\/posts"}],"about":[{"href":"https:\/\/www.europesays.com\/pt\/wp-json\/wp\/v2\/types\/post"}],"author":[{"embeddable":true,"href":"https:\/\/www.europesays.com\/pt\/wp-json\/wp\/v2\/users\/2"}],"replies":[{"embeddable":true,"href":"https:\/\/www.europesays.com\/pt\/wp-json\/wp\/v2\/comments?post=96750"}],"version-history":[{"count":0,"href":"https:\/\/www.europesays.com\/pt\/wp-json\/wp\/v2\/posts\/96750\/revisions"}],"wp:featuredmedia":[{"embeddable":true,"href":"https:\/\/www.europesays.com\/pt\/wp-json\/wp\/v2\/media\/96751"}],"wp:attachment":[{"href":"https:\/\/www.europesays.com\/pt\/wp-json\/wp\/v2\/media?parent=96750"}],"wp:term":[{"taxonomy":"category","embeddable":true,"href":"https:\/\/www.europesays.com\/pt\/wp-json\/wp\/v2\/categories?post=96750"},{"taxonomy":"post_tag","embeddable":true,"href":"https:\/\/www.europesays.com\/pt\/wp-json\/wp\/v2\/tags?post=96750"}],"curies":[{"name":"wp","href":"https:\/\/api.w.org\/{rel}","templated":true}]}}