{"id":96764,"date":"2025-10-03T10:16:10","date_gmt":"2025-10-03T10:16:10","guid":{"rendered":"https:\/\/www.europesays.com\/pt\/96764\/"},"modified":"2025-10-03T10:16:10","modified_gmt":"2025-10-03T10:16:10","slug":"duas-pessoas-detidas-apos-atentado-em-manchester","status":"publish","type":"post","link":"https:\/\/www.europesays.com\/pt\/96764\/","title":{"rendered":"Duas pessoas detidas ap\u00f3s atentado em Manchester"},"content":{"rendered":"<p>                    A pol\u00edcia tinha informado anteriormente que <b>o &#8220;agressor&#8221; foi morto ap\u00f3s o ataque, ocorrido no feriado judaico de Yom Kippur.<\/b><\/p>\n<p>&#13;<br \/>\n<b>&#8220;Fizemos duas deten\u00e7\u00f5es&#8221;, disse Laurence Taylor, chefe da unidade antiterrorismo<\/b> da pol\u00edcia de Londres, em confer\u00eancia de imprensa.\u00a0&#13;\n<\/p>\n<p>&#13;<br \/>\n&#8220;As nossas equipas especializadas est\u00e3o a investigar o sucedido&#8221;, referiu, &#8220;e a trabalhar em estreita colabora\u00e7\u00e3o com a Pol\u00edcia da Grande Manchester&#8221;, GMP, acrescentou.&#13;\n<\/p>\n<p>&#13;<br \/>\n<b>O ataque est\u00e1 a ser tratado como atentado terrorista,<\/b>&#13;\n<\/p>\n<p>          <img decoding=\"async\" itemprop=\"image\" class=\"img-fluid\"   src=\"https:\/\/www.europesays.com\/pt\/wp-content\/uploads\/2025\/10\/91329aabd80bd1e2f9ba09270737ee3b_N.jpg\"\/><\/p>\n<p>&#13;<br \/>\nA pol\u00edcia j\u00e1 tinha comunicado que duas pessoas foram mortas e tr\u00eas pessoas ficaram feridas com gravidade no ataque. Ao todo, quatro feridos continuavam internados horas depois do atentado.\u00a0&#13;\n<\/p>\n<p>&#13;<br \/>\nO suspeito lan\u00e7ou um carro contra fi\u00e9is \u00e0 porta da Sinagoga da Congrega\u00e7\u00e3o Hebraica de Heaton Park, em Crumpsall, antes de os esfaquear.  Foi impedido de entrar no recinto por fi\u00e9is e por pessoal da sinagoga.&#13;\n<\/p>\n<p>&#13;<br \/>\n&#8220;Havia um grande n\u00famero de fi\u00e9is presentes na sinagoga no momento do ataque, mas gra\u00e7as \u00e0 coragem imediata da equipa de seguran\u00e7a e dos fi\u00e9is que estavam no interior, bem como \u00e0 r\u00e1pida resposta da pol\u00edcia, o agressor foi impedido de ter acesso&#8221;, referiu Watson.&#13;\n<\/p>\n<p>O chefe da unidade antiterrorismo expressou tamb\u00e9m a sua gratid\u00e3o para com os cidad\u00e3os que ligaram para a pol\u00edcia &#8220;assim que viram o que estava a acontecer&#8221;.<\/p>\n<p>Isto permitiu uma &#8220;resposta r\u00e1pida dos nossos pol\u00edcias&#8221;, acrescentou Watson, dizendo que os pol\u00edcias conseguiram agir &#8220;com rapidez e coragem&#8221;.<br \/>&#13;\n<\/p>\n<p>&#13;<br \/>\n<br \/>&#13;<br \/>\n<b>O autor do ataque envergava um colete &#8220;que tinha a apar\u00eancia de um engenho explosivo&#8221;<\/b>, revelou tmab\u00e9m o chefe da unidade antiterrorismo..<br \/>&#13;<br \/>\nCombate ao antissemistismo<br \/>&#13;<br \/>\nO primeiro-ministro brit\u00e2nico, Keir Starmer, afirmou estar consternado com o ataque a uma sinagoga, acrescentando que o facto de ter ocorrido no dia sagrado do Yom Kippur o torna &#8220;ainda mais horr\u00edvel&#8221;.&#13;\n<\/p>\n<p>&#13;<br \/>\nStarmer, que se encontrava em Copenhaga para o Conselho Europeu, regressou \u00e0 pressa e convocou o comit\u00e9 Cobra, de emerg\u00eancia nacional. A seguran\u00e7a foi refor\u00e7ada em torno de todas as sinagogas do Reino Unido.&#13;\n<\/p>\n<p><b>A UE apelou ao combate ao antissemitismo ap\u00f3s ataque &#8220;terrivel&#8221; em Manchester<\/b><\/p>\n<p>\u00c9 necess\u00e1rio &#8220;continuar a combater o antissemitismo em todas as suas formas&#8221; ap\u00f3s o ataque &#8220;terr\u00edvel&#8221; em frente a uma sinagoga em Manchester, no Reino Unido.<\/p>\n<p>&#8220;O ataque deliberado perpetrado em Manchester contra fi\u00e9is inocentes numa sinagoga no Yom Kippur \u00e9 terr\u00edvel. <b>O \u00f3dio, o antissemitismo e a viol\u00eancia n\u00e3o t\u00eam lugar na nossa sociedade&#8221;, reagiu a respons\u00e1vel pela pol\u00edtica externa da UE, Kaja Kallas, na rede social X.<\/b><\/p>\n<p>&#8220;Devemos continuar a combater o antissemitismo em todas as suas formas&#8221;, enfatizou a presidente da Comiss\u00e3o Europeia, Ursula von der Leyen.<\/p>\n<p>&#13;<br \/>\nCom ag\u00eancias&#13;<\/p>\n","protected":false},"excerpt":{"rendered":"A pol\u00edcia tinha informado anteriormente que o &#8220;agressor&#8221; foi morto ap\u00f3s o ataque, ocorrido no feriado judaico de&hellip;\n","protected":false},"author":2,"featured_media":96765,"comment_status":"","ping_status":"","sticky":false,"template":"","format":"standard","meta":{"footnotes":""},"categories":[50],"tags":[321,27,28,15,16,14,25,26,21,22,14573,62,12,13,19,20,23,24,17,18,29,30,31,63,64,65],"class_list":{"0":"post-96764","1":"post","2":"type-post","3":"status-publish","4":"format-standard","5":"has-post-thumbnail","7":"category-mundo","8":"tag-antissemitismo","9":"tag-breaking-news","10":"tag-breakingnews","11":"tag-featured-news","12":"tag-featurednews","13":"tag-headlines","14":"tag-latest-news","15":"tag-latestnews","16":"tag-main-news","17":"tag-mainnews","18":"tag-manchester","19":"tag-mundo","20":"tag-news","21":"tag-noticias","22":"tag-noticias-principais","23":"tag-noticiasprincipais","24":"tag-principais-noticias","25":"tag-principaisnoticias","26":"tag-top-stories","27":"tag-topstories","28":"tag-ultimas","29":"tag-ultimas-noticias","30":"tag-ultimasnoticias","31":"tag-world","32":"tag-world-news","33":"tag-worldnews"},"share_on_mastodon":{"url":"","error":""},"_links":{"self":[{"href":"https:\/\/www.europesays.com\/pt\/wp-json\/wp\/v2\/posts\/96764","targetHints":{"allow":["GET"]}}],"collection":[{"href":"https:\/\/www.europesays.com\/pt\/wp-json\/wp\/v2\/posts"}],"about":[{"href":"https:\/\/www.europesays.com\/pt\/wp-json\/wp\/v2\/types\/post"}],"author":[{"embeddable":true,"href":"https:\/\/www.europesays.com\/pt\/wp-json\/wp\/v2\/users\/2"}],"replies":[{"embeddable":true,"href":"https:\/\/www.europesays.com\/pt\/wp-json\/wp\/v2\/comments?post=96764"}],"version-history":[{"count":0,"href":"https:\/\/www.europesays.com\/pt\/wp-json\/wp\/v2\/posts\/96764\/revisions"}],"wp:featuredmedia":[{"embeddable":true,"href":"https:\/\/www.europesays.com\/pt\/wp-json\/wp\/v2\/media\/96765"}],"wp:attachment":[{"href":"https:\/\/www.europesays.com\/pt\/wp-json\/wp\/v2\/media?parent=96764"}],"wp:term":[{"taxonomy":"category","embeddable":true,"href":"https:\/\/www.europesays.com\/pt\/wp-json\/wp\/v2\/categories?post=96764"},{"taxonomy":"post_tag","embeddable":true,"href":"https:\/\/www.europesays.com\/pt\/wp-json\/wp\/v2\/tags?post=96764"}],"curies":[{"name":"wp","href":"https:\/\/api.w.org\/{rel}","templated":true}]}}