{"id":96787,"date":"2025-10-03T10:44:14","date_gmt":"2025-10-03T10:44:14","guid":{"rendered":"https:\/\/www.europesays.com\/pt\/96787\/"},"modified":"2025-10-03T10:44:14","modified_gmt":"2025-10-03T10:44:14","slug":"grande-anomalia-no-campo-gravitacional-indica-mudancas-profundas-sob-os-nossos-pes","status":"publish","type":"post","link":"https:\/\/www.europesays.com\/pt\/96787\/","title":{"rendered":"Grande anomalia no campo gravitacional indica mudan\u00e7as profundas sob os nossos p\u00e9s"},"content":{"rendered":"<p class=\"wp-caption-text top\"><a href=\"https:\/\/svs.gsfc.nasa.gov\/3655\" rel=\"nofollow external noopener noreferrer\" data-wpel-link=\"external\" target=\"_blank\" class=\"ext-link\">NASA \/ Goddard Space Flight Center Scientific Visualization Studio<\/a><\/p>\n<p><img decoding=\"async\" loading=\"lazy\" class=\"size-kopa-image-size-3 wp-image-703357\" src=\"https:\/\/www.europesays.com\/pt\/wp-content\/uploads\/2025\/10\/0228bcca039d894ccdc6bcf26a0c2ea4-783x450.jpg\" alt=\"\" width=\"700\" height=\"402\"  \/><\/p>\n<p class=\"wp-caption-text bot\">Algumas anomalias gravitacionais da Terra registadas pelo GRACE.<\/p>\n<p><strong>Uma anomalia no campo gravitacional da Terra indica que ocorreram mudan\u00e7as profundas sob a superf\u00edcie; e nem nos apercebemos. A causa foi uma tremenda redistribui\u00e7\u00e3o de massa abaixo de n\u00f3s.<br \/><\/strong><\/p>\n<p>Em 2007, algo estranho aconteceu no oceano Atl\u00e2ntico oriental.<\/p>\n<p>A anomalia foi detetada por uma miss\u00e3o conjunta do DLR e da NASA chamada Gravity Recovery and Climate Experiment (<strong>GRACE<\/strong>), um par de sat\u00e9lites que orbitou a Terra entre 2002 e 2017.<\/p>\n<p>Sat\u00e9lites em \u00f3rbita da Terra apanharam uma <strong>anomalia \u00e0 escala continental<\/strong> no campo gravitacional do nosso planeta antes de regressar ao seu estado original.<\/p>\n<p>O evento ins\u00f3lito, indetet\u00e1vel para os humanos \u00e0 superf\u00edcie, s\u00f3 agora foi descoberto, em dados recolhidos por sat\u00e9lites de monitoriza\u00e7\u00e3o gravitacional.<\/p>\n<p>O estudo <a href=\"https:\/\/agupubs.onlinelibrary.wiley.com\/doi\/10.1029\/2025GL116408\" data-wpel-link=\"external\" target=\"_blank\" rel=\"nofollow external noopener noreferrer\" class=\"ext-link\">publicado<\/a> recentemente na Geophysical Research Letters revelou que a causa foi uma <strong>tremenda redistribui\u00e7\u00e3o de massa abaixo da superf\u00edcie.<\/strong><\/p>\n<p>De acordo com uma equipa liderada pela geof\u00edsica <strong>Charlotte Gaugne Gouranton<\/strong>, da Universidade da Cidade de Paris (Fran\u00e7a), essa redistribui\u00e7\u00e3o foi provavelmente o resultado de uma <strong>mudan\u00e7a de fase de material a cerca de 3.000 quil\u00f3metros<\/strong> de profundidade, <strong>pr\u00f3ximo da fronteira inferior do manto<\/strong>.<\/p>\n<p>O trabalho da equipa ainda precisa de ser confirmado, mas existem outras implica\u00e7\u00f5es. Dados s\u00edsmicos revelaram <strong>estranhas massas de material perto do n\u00facleo da Terra<\/strong> que parecem ter propriedades diferentes do material circundante.<\/p>\n<p>As mudan\u00e7as no campo gravitacional podem estar associadas a altera\u00e7\u00f5es na distribui\u00e7\u00e3o de massa \u00e0 superf\u00edcie, tais como <strong>mudan\u00e7as em reservat\u00f3rios<\/strong> de \u00e1guas subterr\u00e2neas, <strong>derretimento glacial e varia\u00e7\u00f5es do n\u00edvel do mar<\/strong>, todas as quais se manifestam como pequenas altera\u00e7\u00f5es no campo gravitacional planet\u00e1rio.<\/p>\n<p>Como recorda a <a href=\"https:\/\/www.sciencealert.com\/vast-anomaly-in-earths-gravity-field-signals-shifts-deep-beneath-the-surface\" data-wpel-link=\"external\" target=\"_blank\" rel=\"nofollow external noopener noreferrer\" class=\"ext-link\">Science Alert<\/a>, a localiza\u00e7\u00e3o proposta da mudan\u00e7a de fase da anomalia gravitacional de 2007 ficava muito pr\u00f3xima de uma destas massas, o que pode significar que os <strong>dois fen\u00f3menos est\u00e3o ligados<\/strong>.<\/p>\n<p>\u201cAo analisar s\u00e9ries temporais de gradientes gravitacionais derivados do GRACE, identific\u00e1mos um sinal an\u00f3malo de gradiente gravitacional em larga escala no oceano Atl\u00e2ntico oriental, m\u00e1ximo no in\u00edcio de 2007, que n\u00e3o pode ser totalmente explicado por fontes de \u00e1gua superficial nem por fluxos de fluido do n\u00facleo\u201d, escrevem os investigadores, citados pela mesma revista..<\/p>\n<p>\u201cIsto leva-nos a sugerir que pelo menos parte deste sinal pode refletir redistribui\u00e7\u00f5es r\u00e1pidas de massa no interior do manto\u201d, acrescentaram.<\/p>\n<p>    <a href=\"https:\/\/zap.aeiou.pt\/subscrever-newsletter\" data-wpel-link=\"internal\" rel=\"nofollow noopener\" target=\"_blank\">&#13;<br \/>\n        <img loading=\"lazy\" decoding=\"async\" class=\"aligncenter size-full wp-image-575475\" src=\"https:\/\/www.europesays.com\/pt\/wp-content\/uploads\/2025\/10\/1759488252_901_2d51fe4a0ba54894421ead1809309ed9-1-450x140.jpg\" alt=\"Subscreva a Newsletter ZAP\" width=\"450\" height=\"140\"\/>&#13;<br \/>\n    <\/a><\/p>\n<p>                <a href=\"https:\/\/whatsapp.com\/channel\/0029VaIC4EE2f3EJZPPSbR34\" data-wpel-link=\"external\" target=\"_blank\" rel=\"nofollow external noopener noreferrer\" class=\"ext-link\">&#13;<br \/>\n                    <img loading=\"lazy\" decoding=\"async\" class=\"aligncenter size-full wp-image-575475\" src=\"https:\/\/www.europesays.com\/pt\/wp-content\/uploads\/2025\/10\/1759488253_967_c68c559d956d4ca20f435ed74a6e71e6.png\" alt=\"Siga-nos no WhatsApp\" width=\"175\" height=\"64\"\/>&#13;<br \/>\n                <\/a><\/p>\n<p>                <a href=\"https:\/\/news.google.com\/publications\/CAAiEHRwZondIV71PDjWNoqMduEqFAgKIhB0cGaJ3SFe9Tw41jaKjHbh?hl=en-US&amp;gl=US&amp;ceid=US%3Aen\" data-wpel-link=\"external\" target=\"_blank\" rel=\"nofollow external noopener noreferrer\" class=\"ext-link\">&#13;<br \/>\n                    <img loading=\"lazy\" decoding=\"async\" class=\"aligncenter size-full wp-image-575475\" src=\"https:\/\/www.europesays.com\/pt\/wp-content\/uploads\/2025\/10\/1759488253_371_5123dd8b087b644fdb8f8603acd1bad4.png\" alt=\"Siga-nos no Google News\" width=\"176\" height=\"64\"\/>&#13;<br \/>\n                <\/a><\/p>\n","protected":false},"excerpt":{"rendered":"NASA \/ Goddard Space Flight Center Scientific Visualization Studio Algumas anomalias gravitacionais da Terra registadas pelo GRACE. Uma&hellip;\n","protected":false},"author":2,"featured_media":96788,"comment_status":"","ping_status":"","sticky":false,"template":"","format":"standard","meta":{"footnotes":""},"categories":[50],"tags":[27,28,15,16,13484,7833,14,25,26,21,22,62,12,13,19,20,23,24,1151,17,18,29,30,31,63,64,65],"class_list":{"0":"post-96787","1":"post","2":"type-post","3":"status-publish","4":"format-standard","5":"has-post-thumbnail","7":"category-mundo","8":"tag-breaking-news","9":"tag-breakingnews","10":"tag-featured-news","11":"tag-featurednews","12":"tag-geofisica","13":"tag-geologia","14":"tag-headlines","15":"tag-latest-news","16":"tag-latestnews","17":"tag-main-news","18":"tag-mainnews","19":"tag-mundo","20":"tag-news","21":"tag-noticias","22":"tag-noticias-principais","23":"tag-noticiasprincipais","24":"tag-principais-noticias","25":"tag-principaisnoticias","26":"tag-terra","27":"tag-top-stories","28":"tag-topstories","29":"tag-ultimas","30":"tag-ultimas-noticias","31":"tag-ultimasnoticias","32":"tag-world","33":"tag-world-news","34":"tag-worldnews"},"share_on_mastodon":{"url":"","error":""},"_links":{"self":[{"href":"https:\/\/www.europesays.com\/pt\/wp-json\/wp\/v2\/posts\/96787","targetHints":{"allow":["GET"]}}],"collection":[{"href":"https:\/\/www.europesays.com\/pt\/wp-json\/wp\/v2\/posts"}],"about":[{"href":"https:\/\/www.europesays.com\/pt\/wp-json\/wp\/v2\/types\/post"}],"author":[{"embeddable":true,"href":"https:\/\/www.europesays.com\/pt\/wp-json\/wp\/v2\/users\/2"}],"replies":[{"embeddable":true,"href":"https:\/\/www.europesays.com\/pt\/wp-json\/wp\/v2\/comments?post=96787"}],"version-history":[{"count":0,"href":"https:\/\/www.europesays.com\/pt\/wp-json\/wp\/v2\/posts\/96787\/revisions"}],"wp:featuredmedia":[{"embeddable":true,"href":"https:\/\/www.europesays.com\/pt\/wp-json\/wp\/v2\/media\/96788"}],"wp:attachment":[{"href":"https:\/\/www.europesays.com\/pt\/wp-json\/wp\/v2\/media?parent=96787"}],"wp:term":[{"taxonomy":"category","embeddable":true,"href":"https:\/\/www.europesays.com\/pt\/wp-json\/wp\/v2\/categories?post=96787"},{"taxonomy":"post_tag","embeddable":true,"href":"https:\/\/www.europesays.com\/pt\/wp-json\/wp\/v2\/tags?post=96787"}],"curies":[{"name":"wp","href":"https:\/\/api.w.org\/{rel}","templated":true}]}}