{"id":96959,"date":"2025-10-03T14:12:25","date_gmt":"2025-10-03T14:12:25","guid":{"rendered":"https:\/\/www.europesays.com\/pt\/96959\/"},"modified":"2025-10-03T14:12:25","modified_gmt":"2025-10-03T14:12:25","slug":"bashar-al-assad-sobrevive-a-ataque-em-moscovo","status":"publish","type":"post","link":"https:\/\/www.europesays.com\/pt\/96959\/","title":{"rendered":"Bashar al-Assad Sobrevive a Ataque em Moscovo"},"content":{"rendered":"<p>Bashar al-Assad, o homem que reprimiu com m\u00e3o de ferro a &#8220;primavera \u00e1rabe&#8221;, arrastou a S\u00edria a uma guerra civil e foi salvo por Vladimir Putin, ter\u00e1 sobrevivido a uma tentativa de envenenamento. Assim <a aria-label=\"content\" target=\"_blank\" href=\"https:\/\/www.syriahr.com\/%D9%85%D8%AF%D9%8A%D8%B1-%D8%A7%D9%84%D9%85%D8%B1%D8%B5%D8%AF-%D8%A7%D9%84%D8%B3%D9%88%D8%B1%D9%8A-%D9%84%D8%AD%D9%82%D9%88%D9%82-%D8%A7%D9%84%D8%A5%D9%86%D8%B3%D8%A7%D9%86-%D8%A3%D8%B3%D8%B9%D9%81\/778906\/\" rel=\"nofollow noopener\">o garante o Observat\u00f3rio S\u00edrio para o Direitos Humanos<\/a>, uma organiza\u00e7\u00e3o que ao longo dos anos se revelou uma fonte fi\u00e1vel sobre os acontecimentos naquele pa\u00eds.<\/p>\n<p>Segundo Rami Abdulrahman, diretor do referido observat\u00f3rio, Bashar al-Assad foi hospitalizado no dia 20, num hospital perto de Moscovo, reservado a altas figuras do regime de Vladimir Putin. De acordo com a &#8220;fonte privada&#8221; que passou a informa\u00e7\u00e3o a Abdulrahman, Assad encontrava-se em estado cr\u00edtico. Mas n\u00e3o s\u00f3 sobreviveu como ter\u00e1 recuperado ao ponto de na segunda-feira, nove dias depois, ter recebido alta hospitalar e regressado \u00e0 casa onde se encontra exilado e sob fortes medidas de seguran\u00e7a. <\/p>\n<p>Quando o regime s\u00edrio caiu nas m\u00e3os das guerrilhas islamistas, em dezembro passado, Putin concedeu ex\u00edlio a Assad e \u00e0 sua fam\u00edlia. Segundo a mesma fonte, <strong>o envenenamento, uma imagem de marca dos servi\u00e7os secretos russos, n\u00e3o ter\u00e1 sido obra de Moscovo, nem do novo poder em Damasco, nem ainda dos Estados Unidos. A inten\u00e7\u00e3o teria sido implicar o regime russo, e aplicar nova humilha\u00e7\u00e3o a Putin depois de este ter investido recursos na guerra e Assad cair, e agora nem sequer garantir a sua seguran\u00e7a em territ\u00f3rio russo<\/strong>.<\/p>\n<p>Em Moscovo n\u00e3o h\u00e1 not\u00edcia do envenenamento de Assad. Mas poucos dias depois deste ter chegado \u00e0 capital russa, uma popular conta russa no Telegram espalhou o rumor de que Assad teria sido envenenado, ao que os tabloides brit\u00e2nicos corresponderam com a publica\u00e7\u00e3o do que viria a confirmar-se como uma falsidade. <\/p>\n<p>O novo regime s\u00edrio, liderado por Ahmed al-Sharaa, tem pedido a Moscovo a extradi\u00e7\u00e3o de Assad. Apesar dos ressentimentos causados pelos bombardeamentos indiscriminados e pelo uso de armas qu\u00edmicas junto da popula\u00e7\u00e3o civil em cidades como Idlib e Aleppo, a R\u00fassia manteve at\u00e9 agora a presen\u00e7a militar na base naval de Tartus, na base a\u00e9rea de Hmeimim (em Lat\u00e1quia, no oeste) e no aeroporto de Qamishli (nordeste). A R\u00fassia \u00e9 acusada de ter contribu\u00eddo para a desestabiliza\u00e7\u00e3o que desaguou nos confrontos sect\u00e1rios de mar\u00e7o, e nos quais alauitas (a minoria xiita que governava o pa\u00eds) e tropas governamentais se enfrentaram, causando centenas de mortos.<\/p>\n","protected":false},"excerpt":{"rendered":"Bashar al-Assad, o homem que reprimiu com m\u00e3o de ferro a &#8220;primavera \u00e1rabe&#8221;, arrastou a S\u00edria a uma&hellip;\n","protected":false},"author":2,"featured_media":96960,"comment_status":"","ping_status":"","sticky":false,"template":"","format":"standard","meta":{"footnotes":""},"categories":[8],"tags":[23905,27,28,15,16,14,25,26,21,22,12,13,19,20,32,23,24,33,839,20900,17,18,29,30,31],"class_list":{"0":"post-96959","1":"post","2":"type-post","3":"status-publish","4":"format-standard","5":"has-post-thumbnail","7":"category-principais-noticias","8":"tag-bashar-al-assad","9":"tag-breaking-news","10":"tag-breakingnews","11":"tag-featured-news","12":"tag-featurednews","13":"tag-headlines","14":"tag-latest-news","15":"tag-latestnews","16":"tag-main-news","17":"tag-mainnews","18":"tag-news","19":"tag-noticias","20":"tag-noticias-principais","21":"tag-noticiasprincipais","22":"tag-portugal","23":"tag-principais-noticias","24":"tag-principaisnoticias","25":"tag-pt","26":"tag-russia","27":"tag-siria","28":"tag-top-stories","29":"tag-topstories","30":"tag-ultimas","31":"tag-ultimas-noticias","32":"tag-ultimasnoticias"},"share_on_mastodon":{"url":"","error":""},"_links":{"self":[{"href":"https:\/\/www.europesays.com\/pt\/wp-json\/wp\/v2\/posts\/96959","targetHints":{"allow":["GET"]}}],"collection":[{"href":"https:\/\/www.europesays.com\/pt\/wp-json\/wp\/v2\/posts"}],"about":[{"href":"https:\/\/www.europesays.com\/pt\/wp-json\/wp\/v2\/types\/post"}],"author":[{"embeddable":true,"href":"https:\/\/www.europesays.com\/pt\/wp-json\/wp\/v2\/users\/2"}],"replies":[{"embeddable":true,"href":"https:\/\/www.europesays.com\/pt\/wp-json\/wp\/v2\/comments?post=96959"}],"version-history":[{"count":0,"href":"https:\/\/www.europesays.com\/pt\/wp-json\/wp\/v2\/posts\/96959\/revisions"}],"wp:featuredmedia":[{"embeddable":true,"href":"https:\/\/www.europesays.com\/pt\/wp-json\/wp\/v2\/media\/96960"}],"wp:attachment":[{"href":"https:\/\/www.europesays.com\/pt\/wp-json\/wp\/v2\/media?parent=96959"}],"wp:term":[{"taxonomy":"category","embeddable":true,"href":"https:\/\/www.europesays.com\/pt\/wp-json\/wp\/v2\/categories?post=96959"},{"taxonomy":"post_tag","embeddable":true,"href":"https:\/\/www.europesays.com\/pt\/wp-json\/wp\/v2\/tags?post=96959"}],"curies":[{"name":"wp","href":"https:\/\/api.w.org\/{rel}","templated":true}]}}