{"id":97214,"date":"2025-10-03T18:23:32","date_gmt":"2025-10-03T18:23:32","guid":{"rendered":"https:\/\/www.europesays.com\/pt\/97214\/"},"modified":"2025-10-03T18:23:32","modified_gmt":"2025-10-03T18:23:32","slug":"josh-hartnett-hospital-acidente-de-carro-netflix","status":"publish","type":"post","link":"https:\/\/www.europesays.com\/pt\/97214\/","title":{"rendered":"Josh Hartnett hospital | Acidente de carro, Netflix"},"content":{"rendered":"<p>O ator\u00a0<strong>Josh Hartnett\u00a0<\/strong>se envolveu em um acidente de carro enquanto filmava uma nova s\u00e9rie da\u00a0<strong>Netflix<\/strong> em Newfoundland, Canad\u00e1. A informa\u00e7\u00e3o \u00e9 <a href=\"https:\/\/www.cbc.ca\/news\/canada\/newfoundland-labrador\/actor-collision-1.7645959\" rel=\"nofollow noopener\" target=\"_blank\">do ve\u00edculo local CBC<\/a>.<strong><br \/><\/strong><\/p>\n<p>Hartnett, conhecido por pap\u00e9is em\u00a0Armadilha e\u00a030 Dias de Noite, estava a caminho de casa ap\u00f3s as filmagens quando o seu carro colidiu com outro, este pertencente \u00e0 for\u00e7a policial local.<\/p>\n<p>O ator n\u00e3o estava dirigindo, segundo a CBC, e nenhum dos envolvidos sofreu ferimentos graves &#8211; mas todos foram levados ao hospital como precau\u00e7\u00e3o, onde ficaram em observa\u00e7\u00e3o durante a noite.<\/p>\n<p>A representante de Hartnett relatou ao ve\u00edculo que ele foi liberado do hospital logo depois disso, e as filmagens do projeto da Netflix n\u00e3o foram afetadas pelo incidente.<\/p>\n<p>Na s\u00e9rie, que ainda n\u00e3o tem t\u00edtulo divulgado, Hartnett vive um pescador veterano que precisa proteger sua fam\u00edlia quando uma misteriosa criatura marinha come\u00e7a a assombrar o litoral do Canad\u00e1.<\/p>\n<p>O t\u00edtulo, que ainda conta com Hartnett como produtor executivo, ainda n\u00e3o tem data de estreia confirmada.<\/p>\n","protected":false},"excerpt":{"rendered":"O ator\u00a0Josh Hartnett\u00a0se envolveu em um acidente de carro enquanto filmava uma nova s\u00e9rie da\u00a0Netflix em Newfoundland, Canad\u00e1.&hellip;\n","protected":false},"author":2,"featured_media":97215,"comment_status":"","ping_status":"","sticky":false,"template":"","format":"standard","meta":{"footnotes":""},"categories":[145],"tags":[211,210,114,115,32,33],"class_list":{"0":"post-97214","1":"post","2":"type-post","3":"status-publish","4":"format-standard","5":"has-post-thumbnail","7":"category-celebridades","8":"tag-celebridades","9":"tag-celebrities","10":"tag-entertainment","11":"tag-entretenimento","12":"tag-portugal","13":"tag-pt"},"share_on_mastodon":{"url":"","error":""},"_links":{"self":[{"href":"https:\/\/www.europesays.com\/pt\/wp-json\/wp\/v2\/posts\/97214","targetHints":{"allow":["GET"]}}],"collection":[{"href":"https:\/\/www.europesays.com\/pt\/wp-json\/wp\/v2\/posts"}],"about":[{"href":"https:\/\/www.europesays.com\/pt\/wp-json\/wp\/v2\/types\/post"}],"author":[{"embeddable":true,"href":"https:\/\/www.europesays.com\/pt\/wp-json\/wp\/v2\/users\/2"}],"replies":[{"embeddable":true,"href":"https:\/\/www.europesays.com\/pt\/wp-json\/wp\/v2\/comments?post=97214"}],"version-history":[{"count":0,"href":"https:\/\/www.europesays.com\/pt\/wp-json\/wp\/v2\/posts\/97214\/revisions"}],"wp:featuredmedia":[{"embeddable":true,"href":"https:\/\/www.europesays.com\/pt\/wp-json\/wp\/v2\/media\/97215"}],"wp:attachment":[{"href":"https:\/\/www.europesays.com\/pt\/wp-json\/wp\/v2\/media?parent=97214"}],"wp:term":[{"taxonomy":"category","embeddable":true,"href":"https:\/\/www.europesays.com\/pt\/wp-json\/wp\/v2\/categories?post=97214"},{"taxonomy":"post_tag","embeddable":true,"href":"https:\/\/www.europesays.com\/pt\/wp-json\/wp\/v2\/tags?post=97214"}],"curies":[{"name":"wp","href":"https:\/\/api.w.org\/{rel}","templated":true}]}}