{"id":97413,"date":"2025-10-03T21:52:18","date_gmt":"2025-10-03T21:52:18","guid":{"rendered":"https:\/\/www.europesays.com\/pt\/97413\/"},"modified":"2025-10-03T21:52:18","modified_gmt":"2025-10-03T21:52:18","slug":"portugues-condenado-em-franca-por-abusar-das-netas-foi-detido-em-lisboa","status":"publish","type":"post","link":"https:\/\/www.europesays.com\/pt\/97413\/","title":{"rendered":"Portugu\u00eas condenado em Fran\u00e7a por abusar das netas foi detido em Lisboa"},"content":{"rendered":"<p>Um cidad\u00e3o nacional portugu\u00eas, de 75 anos, que foi condenado em Fran\u00e7a a cinco anos de pris\u00e3o por crimes sexuais contra as netas, de 6 e 12 anos, foi detido em Lisboa. <\/p>\n<p>Numa nota divulgada, a deten\u00e7\u00e3o foi realizada pela Unidade de Informa\u00e7\u00e3o Criminal da PJ, no \u00e2mbito de um mandado de deten\u00e7\u00e3o europeu emitido pelas autoridades francesas.\u00a0<\/p>\n<p>Em causa est\u00e3o abuso sexuais que ocorreram entre 2010 e 2012, durante visitas \u00e0 resid\u00eancia do filho, em Fran\u00e7a.\u00a0<\/p>\n<p>O detido ser\u00e1 presente ao Tribunal da Rela\u00e7\u00e3o de Lisboa, que decidir\u00e1 sobre a medida de coa\u00e7\u00e3o.\u00a0<\/p>\n","protected":false},"excerpt":{"rendered":"Um cidad\u00e3o nacional portugu\u00eas, de 75 anos, que foi condenado em Fran\u00e7a a cinco anos de pris\u00e3o por&hellip;\n","protected":false},"author":2,"featured_media":97414,"comment_status":"","ping_status":"","sticky":false,"template":"","format":"standard","meta":{"footnotes":""},"categories":[10],"tags":[27,28,15,16,208,14,25,26,797,21,22,12,13,19,20,32,23,24,33,17,18,29,30,31],"class_list":{"0":"post-97413","1":"post","2":"type-post","3":"status-publish","4":"format-standard","5":"has-post-thumbnail","7":"category-portugal","8":"tag-breaking-news","9":"tag-breakingnews","10":"tag-featured-news","11":"tag-featurednews","12":"tag-franca","13":"tag-headlines","14":"tag-latest-news","15":"tag-latestnews","16":"tag-lisboa","17":"tag-main-news","18":"tag-mainnews","19":"tag-news","20":"tag-noticias","21":"tag-noticias-principais","22":"tag-noticiasprincipais","23":"tag-portugal","24":"tag-principais-noticias","25":"tag-principaisnoticias","26":"tag-pt","27":"tag-top-stories","28":"tag-topstories","29":"tag-ultimas","30":"tag-ultimas-noticias","31":"tag-ultimasnoticias"},"share_on_mastodon":{"url":"","error":""},"_links":{"self":[{"href":"https:\/\/www.europesays.com\/pt\/wp-json\/wp\/v2\/posts\/97413","targetHints":{"allow":["GET"]}}],"collection":[{"href":"https:\/\/www.europesays.com\/pt\/wp-json\/wp\/v2\/posts"}],"about":[{"href":"https:\/\/www.europesays.com\/pt\/wp-json\/wp\/v2\/types\/post"}],"author":[{"embeddable":true,"href":"https:\/\/www.europesays.com\/pt\/wp-json\/wp\/v2\/users\/2"}],"replies":[{"embeddable":true,"href":"https:\/\/www.europesays.com\/pt\/wp-json\/wp\/v2\/comments?post=97413"}],"version-history":[{"count":0,"href":"https:\/\/www.europesays.com\/pt\/wp-json\/wp\/v2\/posts\/97413\/revisions"}],"wp:featuredmedia":[{"embeddable":true,"href":"https:\/\/www.europesays.com\/pt\/wp-json\/wp\/v2\/media\/97414"}],"wp:attachment":[{"href":"https:\/\/www.europesays.com\/pt\/wp-json\/wp\/v2\/media?parent=97413"}],"wp:term":[{"taxonomy":"category","embeddable":true,"href":"https:\/\/www.europesays.com\/pt\/wp-json\/wp\/v2\/categories?post=97413"},{"taxonomy":"post_tag","embeddable":true,"href":"https:\/\/www.europesays.com\/pt\/wp-json\/wp\/v2\/tags?post=97413"}],"curies":[{"name":"wp","href":"https:\/\/api.w.org\/{rel}","templated":true}]}}