{"id":97778,"date":"2025-10-04T08:46:23","date_gmt":"2025-10-04T08:46:23","guid":{"rendered":"https:\/\/www.europesays.com\/pt\/97778\/"},"modified":"2025-10-04T08:46:23","modified_gmt":"2025-10-04T08:46:23","slug":"premio-candango-de-literatura-fara-revisao-de-obras-classificadas","status":"publish","type":"post","link":"https:\/\/www.europesays.com\/pt\/97778\/","title":{"rendered":"Pr\u00eamio Candango de Literatura far\u00e1 revis\u00e3o de obras classificadas"},"content":{"rendered":"<p>Finalistas da categoria de Melhor Capa foram alvo de den\u00fancias por coletivo de ilustradores<\/p>\n<p><img decoding=\"async\" src=\"https:\/\/www.europesays.com\/pt\/wp-content\/uploads\/2025\/10\/RVjKA724fQcSrIJqsboS2DoCmZZMqBGDA559II6DARHJEnsMFSEavGP4ZKAj2hc24pMil5AkQj2NygP5.jpg\" \/>O <strong><a href=\"https:\/\/www.publishnews.com.br\/etiquetas\/premio-candango\" target=\"_blank\" rel=\"nofollow noopener\">Pr\u00eamio Candango de Literatura<\/a><\/strong> se pronunciou oficialmente na quinta-feira (2) ap\u00f3s <a href=\"https:\/\/www.publishnews.com.br\/materias\/2025\/10\/02\/ilustradores-denunciam-uso-de-ia-em-capas-finalistas-do-premio-candango-da-literatura\" target=\"_blank\" rel=\"nofollow noopener\">ilustradores denunciarem uso de IA<\/a> em capas finalistas na categoria de Melhor Capa. Na quarta-feira (1\u02da), o <strong>PublishNews <\/strong>recebeu den\u00fancias, por parte de ilustradores, de que quatro livros indicados na categoria, da editora <a href=\"https:\/\/www.publishnews.com.br\/etiquetas\/mondru\" target=\"_blank\" rel=\"nofollow noopener\"><strong>Mondru<\/strong><\/a>, descumpriram o regulamento do pr\u00eamio, que expressa a proibi\u00e7\u00e3o do uso de <a href=\"https:\/\/www.publishnews.com.br\/etiquetas\/inteligencia-artificial\" target=\"_blank\" rel=\"nofollow noopener\">intelig\u00eancia artificial<\/a>. A editora nega as acusa\u00e7\u00f5es, afirmando que nenhum dos livros indicados ao Pr\u00eamio Candango de Literatura fez uso dessas ferramentas. No site da premia\u00e7\u00e3o \u00e9 poss\u00edvel <a href=\"https:\/\/premiocandangodeliteratura.com.br\/wp-content\/uploads\/2025\/10\/Finalistas-FINAL.pdf\" target=\"_blank\" rel=\"nofollow noopener\">conferir a lista completa de finalistas<\/a>. <\/p>\n<p><strong>Confira a \u00edntegra do pronunciamento do pr\u00eamio<\/strong><\/p>\n<p>&#8220;Recebemos as den\u00fancias e entendemos que \u00e9 papel da comunidade liter\u00e1ria prezar pela prote\u00e7\u00e3o e respeito ao trabalho dos artistas, assim como a vigil\u00e2ncia sobre o respeito \u00e0s normas e regulamentos.<\/p>\n<p>Iniciamos um processo de revis\u00e3o, n\u00e3o apenas das obras denunciadas, mas de todas as obras das categorias envolvidas. Caso seja poss\u00edvel comprovar as alega\u00e7\u00f5es, as obras ser\u00e3o desclassificadas, de acordo com o que diz o edital.<\/p>\n<p>Agradecemos pelo apoio e pelo olhar cr\u00edtico da comunidade e desde j\u00e1 daremos in\u00edcio a um debate para fazer do processo de sele\u00e7\u00e3o das obras algo ainda mais t\u00e9cnico e sistem\u00e1tico para as pr\u00f3ximas premia\u00e7\u00f5es<\/p>\n<p>Atenciosamente,<\/p>\n<p>Equipe do 2\u00ba Pr\u00eamio Candango de Literatura<\/p>\n<p><strong>A repercuss\u00e3o do caso<\/strong><\/p>\n<p>O designer Jeferson Barbosa, da Mondru, publicou um <a href=\"https:\/\/www.youtube.com\/watch?v=ZpjkfuO9aO8\" target=\"_blank\" savefrom_lm_index=\"0\" savefrom_lm=\"1\" rel=\"nofollow noopener\">v\u00eddeo<\/a><a href=\"http:\/\/savefrom.net\/?url=https%3A%2F%2Fwww.youtube.com%2Fwatch%3Fv%3DZpjkfuO9aO8&amp;utm_source=opera-chromium&amp;utm_medium=extensions&amp;utm_campaign=link_modifier\" target=\"_blank\" title=\"Obter link direto\" savefrom_lm=\"1\" savefrom_lm_is_link=\"1\" rel=\"nofollow noopener\"><\/a> em que detalha por projetos de edi\u00e7\u00e3o. Tanto no v\u00eddeo quanto ao <strong>PublishNews<\/strong>, o designer confirmou que a editora usa intelig\u00eancia artificial em seus projetos gr\u00e1ficos, mas refor\u00e7a que nenhum dos livros indicados ao Pr\u00eamio Candango de Literatura fez uso dessas ferramentas. A editora afirma que a utiliza\u00e7\u00e3o de intelig\u00eancia artificial \u00e9 informada com um aviso, nos pr\u00f3prios volumes, sobre a utiliza\u00e7\u00e3o da ferramenta na elabora\u00e7\u00e3o do projeto gr\u00e1fico. A assessoria jur\u00eddica da casa formalizou um contato com a Delegacia Estadual de Repress\u00e3o a Crimes Cibern\u00e9ticos (DERCC) de Goi\u00e2nia, apresentando uma Not\u00edcia-crime por Difama\u00e7\u00e3o em Meio Digital.<\/p>\n<p>Por outro lado, um coletivo de capistas realizou an\u00e1lises individuais das capas da editora e identificou, por outro lado, caracter\u00edsticas de que elementos das capas podem conter interven\u00e7\u00e3o de IA. A partir de <a href=\"https:\/\/docs.google.com\/document\/d\/1hN2nturjR851e9-9x9NZNMWfk5dYN8pZirVCZ3XXgcY\/edit?tab=t.0\" target=\"_blank\" rel=\"nofollow noopener\">documentos<\/a> contendo coment\u00e1rios e an\u00e1lises das capas, o coletivo identificou, a partir do v\u00eddeo divulgado por Barbosa, elementos que compunham a capa de O c\u00e3o vai \u00e0 missa todos os dias pertencentes ao site <strong>rawpixel<\/strong>, plataforma com bancos de imagens geradas por IA.<\/p>\n","protected":false},"excerpt":{"rendered":"Finalistas da categoria de Melhor Capa foram alvo de den\u00fancias por coletivo de ilustradores O Pr\u00eamio Candango de&hellip;\n","protected":false},"author":2,"featured_media":97779,"comment_status":"","ping_status":"","sticky":false,"template":"","format":"standard","meta":{"footnotes":""},"categories":[143],"tags":[868,877,867,169,869,872,873,880,114,115,874,870,875,878,879,864,876,237,871,170,865,866,13,32,33],"class_list":{"0":"post-97778","1":"post","2":"type-post","3":"status-publish","4":"format-standard","5":"has-post-thumbnail","7":"category-livros","8":"tag-best-seller","9":"tag-biblioteca","10":"tag-bienal-do-livro","11":"tag-books","12":"tag-clipping","13":"tag-e-book","14":"tag-ebook","15":"tag-editora","16":"tag-entertainment","17":"tag-entretenimento","18":"tag-escritor","19":"tag-eventos","20":"tag-festival-literario","21":"tag-lancamentos","22":"tag-leitura","23":"tag-literatura","24":"tag-livraria","25":"tag-livro","26":"tag-livro-digital","27":"tag-livros","28":"tag-mercado-editorial","29":"tag-mercado-livreiro","30":"tag-noticias","31":"tag-portugal","32":"tag-pt"},"share_on_mastodon":{"url":"","error":""},"_links":{"self":[{"href":"https:\/\/www.europesays.com\/pt\/wp-json\/wp\/v2\/posts\/97778","targetHints":{"allow":["GET"]}}],"collection":[{"href":"https:\/\/www.europesays.com\/pt\/wp-json\/wp\/v2\/posts"}],"about":[{"href":"https:\/\/www.europesays.com\/pt\/wp-json\/wp\/v2\/types\/post"}],"author":[{"embeddable":true,"href":"https:\/\/www.europesays.com\/pt\/wp-json\/wp\/v2\/users\/2"}],"replies":[{"embeddable":true,"href":"https:\/\/www.europesays.com\/pt\/wp-json\/wp\/v2\/comments?post=97778"}],"version-history":[{"count":0,"href":"https:\/\/www.europesays.com\/pt\/wp-json\/wp\/v2\/posts\/97778\/revisions"}],"wp:featuredmedia":[{"embeddable":true,"href":"https:\/\/www.europesays.com\/pt\/wp-json\/wp\/v2\/media\/97779"}],"wp:attachment":[{"href":"https:\/\/www.europesays.com\/pt\/wp-json\/wp\/v2\/media?parent=97778"}],"wp:term":[{"taxonomy":"category","embeddable":true,"href":"https:\/\/www.europesays.com\/pt\/wp-json\/wp\/v2\/categories?post=97778"},{"taxonomy":"post_tag","embeddable":true,"href":"https:\/\/www.europesays.com\/pt\/wp-json\/wp\/v2\/tags?post=97778"}],"curies":[{"name":"wp","href":"https:\/\/api.w.org\/{rel}","templated":true}]}}