{"id":97840,"date":"2025-10-04T09:51:07","date_gmt":"2025-10-04T09:51:07","guid":{"rendered":"https:\/\/www.europesays.com\/pt\/97840\/"},"modified":"2025-10-04T09:51:07","modified_gmt":"2025-10-04T09:51:07","slug":"exclusivo-a-fazenda-lukenia-confessa-todos-os-crimes-durante-uma-armadilha-novelas","status":"publish","type":"post","link":"https:\/\/www.europesays.com\/pt\/97840\/","title":{"rendered":"Exclusivo \u00abA Fazenda\u00bb: Lukenia confessa todos os crimes durante uma armadilha &#8211; Novelas"},"content":{"rendered":"<p>Em \u00abA Fazenda\u00bb, <a href=\"https:\/\/tvi.iol.pt\/novelas\/videos\/para-ele-retirar-a-queixa-tu-prometeste-que-te-afastavas-de-mim\/67924a3a0cf216cd3ad316a6\" wbo-id=\"52\" rel=\"nofollow noopener\" target=\"_blank\">Gaspar (Nuno Lopes<\/a>), <a href=\"https:\/\/tvi.iol.pt\/novelas\/videos\/lukenia-se-ele-souber-nunca-mais-me-vai-querer-ver\/674711300cf23ab6553623d2\" rel=\"nofollow noopener\" target=\"_blank\">Ivandro (Vitor Hugo)<\/a>, <a href=\"https:\/\/tvi.iol.pt\/novelas\/videos\/januario-e-detido-para-defender-talu\/674f12eb0cf2f130c2999b35\" rel=\"nofollow noopener\" target=\"_blank\">Janu\u00e1rio (Hoji Fortuna)<\/a>\u00a0e Laura (Leonor Seixas) est\u00e3o dentro do jipe \u00e0 espera que Lukenia apare\u00e7a. Gaspar diz ter a certeza que Lukenia n\u00e3o vai escapar \u00e0quele encontro por n\u00e3o querer que os seus crimes sejam expostos.\u00a0<\/p>\n<p>\u00a0Todos continuam \u00e0 espera que <a href=\"https:\/\/tvi.iol.pt\/novelas\/videos\/foi-assim-que-lukenia-soube-que-samuel-e-filho-de-gaspar\/6772bbdc0cf28c51602e4db1\" rel=\"nofollow noopener\" target=\"_blank\">Lukenia (Rita Cruz)<\/a>\u00a0chegue. Janu\u00e1rio liga para Weza, que lhe diz ter visto Lukenia sair com um saco de desporto. Lukenia fica surpresa ao ver Laura vir ao seu encontro. Laura conta toda a verdade a Lukenia de ser mulher de Albano e <a href=\"https:\/\/tvi.iol.pt\/novelas\/videos\/a-fazenda-a-dificil-historia-de-vida-de-zuri\/6824bb120cf28cf88767feb9\" wbo-id=\"51\" rel=\"nofollow noopener\" target=\"_blank\">Zuri (Madalena Arag\u00e3o<\/a>) ser sua filha, dizendo querer agora o milh\u00e3o de euros para se manter calada sobre a burla que ela fez a Leonardo. Lukenia diz n\u00e3o confiar nela, apontando-lhe uma arma.<\/p>\n<p>\u00a0Lukenia, pensando estar sozinha com Laura, admite os seus crimes, tendo tramado Eva com o v\u00eddeo. Gaspar, Ivandro e Janu\u00e1rio surgem de armas apontadas a Lukenia a dizer-lhe para se render.<\/p>\n<p>Recorde-se que Lukenia tem estado a perder tudo a pouco e pouco:<\/p>\n","protected":false},"excerpt":{"rendered":"Em \u00abA Fazenda\u00bb, Gaspar (Nuno Lopes), Ivandro (Vitor Hugo), Janu\u00e1rio (Hoji Fortuna)\u00a0e Laura (Leonor Seixas) est\u00e3o dentro do&hellip;\n","protected":false},"author":2,"featured_media":97841,"comment_status":"","ping_status":"","sticky":false,"template":"","format":"standard","meta":{"footnotes":"","_share_on_mastodon":"0"},"categories":[85],"tags":[657,160,166,114,115,157,167,2380,3463,6097,3464,164,885,23486,2379,161,2378,158,165,159,32,33,156,2377,163,162,6094],"class_list":["post-97840","post","type-post","status-publish","format-standard","has-post-thumbnail","category-entretenimento","tag-a-fazenda","tag-ana-guiomar","tag-cristina-ferreira","tag-entertainment","tag-entretenimento","tag-festa-e-festa","tag-ficcao","tag-gaspar","tag-hoji-fortuna","tag-ivandro","tag-januario","tag-jose-fidalgo","tag-laura","tag-leonor-seixas","tag-lukenia","tag-novelas","tag-nuno-lopes","tag-para-sempre","tag-pedro-sousa","tag-pedro-teixeira","tag-portugal","tag-pt","tag-queridos-papas","tag-rita-cruz","tag-tiago-teotonio-pereira","tag-tvi","tag-vitor-hugo"],"share_on_mastodon":{"url":"","error":""},"_links":{"self":[{"href":"https:\/\/www.europesays.com\/pt\/wp-json\/wp\/v2\/posts\/97840","targetHints":{"allow":["GET"]}}],"collection":[{"href":"https:\/\/www.europesays.com\/pt\/wp-json\/wp\/v2\/posts"}],"about":[{"href":"https:\/\/www.europesays.com\/pt\/wp-json\/wp\/v2\/types\/post"}],"author":[{"embeddable":true,"href":"https:\/\/www.europesays.com\/pt\/wp-json\/wp\/v2\/users\/2"}],"replies":[{"embeddable":true,"href":"https:\/\/www.europesays.com\/pt\/wp-json\/wp\/v2\/comments?post=97840"}],"version-history":[{"count":0,"href":"https:\/\/www.europesays.com\/pt\/wp-json\/wp\/v2\/posts\/97840\/revisions"}],"wp:featuredmedia":[{"embeddable":true,"href":"https:\/\/www.europesays.com\/pt\/wp-json\/wp\/v2\/media\/97841"}],"wp:attachment":[{"href":"https:\/\/www.europesays.com\/pt\/wp-json\/wp\/v2\/media?parent=97840"}],"wp:term":[{"taxonomy":"category","embeddable":true,"href":"https:\/\/www.europesays.com\/pt\/wp-json\/wp\/v2\/categories?post=97840"},{"taxonomy":"post_tag","embeddable":true,"href":"https:\/\/www.europesays.com\/pt\/wp-json\/wp\/v2\/tags?post=97840"}],"curies":[{"name":"wp","href":"https:\/\/api.w.org\/{rel}","templated":true}]}}