{"id":97915,"date":"2025-10-04T11:27:11","date_gmt":"2025-10-04T11:27:11","guid":{"rendered":"https:\/\/www.europesays.com\/pt\/97915\/"},"modified":"2025-10-04T11:27:11","modified_gmt":"2025-10-04T11:27:11","slug":"hamas-e-cla-palestiniano-confrontam-se-no-sul-de-gaza","status":"publish","type":"post","link":"https:\/\/www.europesays.com\/pt\/97915\/","title":{"rendered":"Hamas e cl\u00e3 palestiniano confrontam-se no sul de Gaza"},"content":{"rendered":"<p>                    De acordo com a BBC, o Hamas afirmou que as suas for\u00e7as invadiram o bairro para deter indiv\u00edduos acusados \u200b\u200bde colaborar com Israel.<\/p>\n<p>Relatos locais descreveram um ataque armado realizado por cerca de 50 homens em cinco carrinhas de caixa aberta, armados com espingardas de assalto e um lan\u00e7a-granadas-foguete (RPG), que invadiram o bairro de al-Mujaida e mataram cinco familiares do cl\u00e3.<\/p>\n<p>Membros do cl\u00e3 armados reagiram rapidamente, desencadeando confrontos que duraram horas e foram acompanhados por fortes disparos, refere ainda a BBC.<\/p>\n<p>Relatos que circulam nas redes sociais &#8211; dif\u00edceis de verificar de forma independente &#8211; afirmam que mais de 11 membros do Hamas foram mortos, tendo alguns dos seus corpos sido arrastados pelas ruas.<\/p>\n<p>V\u00eddeos amplamente partilhados online, que a BBC n\u00e3o verificou, parecem mostrar v\u00e1rios corpos ensanguentados com uniformes militares, juntamente com uma voz off que afirma que pertenciam \u00e0 &#8220;Unidade Sahm&#8221; do Hamas.<\/p>\n<p>Outro v\u00eddeo captou rajadas de tiros e um RPG a atingir um pr\u00e9dio residencial no bairro. <\/p>\n<p>O ex\u00e9rcito isrealita confirmou o sucedido, acrescentando que ajudou a repelir o ataque do Hamas, usando meios a\u00e9reos.<\/p>\n<p>&#13;<br \/>\nO Times of Israel cita fontes das IDF, segundo as quais, cerca de 20 membros armados do Hamas, tentaram realizar um ataque na manh\u00e3 de sexta-feira contra outros residentes de Gaza numa &#8220;zona humanit\u00e1ria&#8221; designada por Israel na zona de Khan Younis, no sul de Gaza. Os militares referiram que os membros do Hamas foram mortos em ataques com drones.\u00a0&#13;\n<\/p>\n<p>&#13;<br \/>\nConflito interno&#13;\n<\/p>\n<p>&#13;<br \/>\nA confirma\u00e7\u00e3o das For\u00e7as de Defesa de Israel surgiu depois do l\u00edder de um grupo armado rival em Gaza ter dito ao The Times of Israel que as suas for\u00e7as tinham frustrado um ataque do Hamas a Khan Younis com assist\u00eancia militar israelita.&#13;\n<\/p>\n<p>\nHossam al-Astal, que lidera o grupo armado a leste de Khan Younis, disse que <b>frustrou um ataque do Hamas contra uma fam\u00edlia com quem o Hamas est\u00e1 em conflito<\/b>, na manh\u00e3 de sexta-feira na zona de Mawasi, em Khan Younis, com o apoio a\u00e9reo das For\u00e7as de Defesa de Israel. De acordo com a BBC, os anci\u00e3os locais intervieram posteriormente para mediar entre os dois lados, levando a uma troca de corpos com o objetivo de conter a escalada.<\/p>\n<p>Al-Astal afirmou que, pelas 6h00 locais, agentes do Hamas chegaram a al-Mawasi e abriram fogo, lan\u00e7ando lan\u00e7a-granadas contra uma zona onde se encontravam membros da fam\u00edlia al-Majaida, alvos do grupo terrorista. <br \/>&#13;<br \/>\n<b><br \/>&#13;<br \/>\nA fam\u00edlia al-Majaida est\u00e1 em guerra com o Hamas h\u00e1 v\u00e1rias semanas, desde que os agentes dispararam contra a perna de v\u00e1rios membros da fam\u00edlia por motivos desconhecidos, disse al-Astal.<\/b><\/p>\n<p>Afirmou que o grupo tamb\u00e9m alegou que a fam\u00edlia est\u00e1 a colaborar com Israel e a roubar ajuda humanit\u00e1ria. Disse que as suas for\u00e7as vieram em aux\u00edlio da fam\u00edlia e, com a ajuda da avia\u00e7\u00e3o israelita, conseguiram atacar toda a unidade do Hamas.<\/p>\n<p>Onze agentes do Hamas foram mortos e seis ficaram gravemente feridos, disse, e um membro da fam\u00edlia Majaida, que lutou contra eles, tamb\u00e9m foi morto. As suas pr\u00f3prias for\u00e7as n\u00e3o sofreram baixas, afirmou.<br \/>&#13;<br \/>\nReceio de guerra civil<br \/>&#13;<br \/>\nCresce agora o receio de que o uso generalizado de armas, as tens\u00f5es entre fam\u00edlias poderosas e a perman\u00eancia do Hamas no poder, <b>possam levar \u00e0 multiplica\u00e7\u00e3o de epis\u00f3dios a lembrar uma guerra civil, num territ\u00f3rio j\u00e1 devastado por desloca\u00e7\u00f5es, destrui\u00e7\u00e3o e medo.<\/b><\/p>\n<p>Analistas da BBC admitem que a intensidade da raiva que o Hamas enfrenta por parte dos seus muitos opositores internos, que humilhou durante os seus 17 anos no poder, ser\u00e1 um factor-chave para a rejei\u00e7\u00e3o do plano de cessar-fogo de Donald Trump.<\/p>\n<p>O plano exige o desarmamento completo do Hamas e os combatentes islamitas temem retalia\u00e7\u00f5es violentas, e serem morto nas ruas, se a proposta for implementada.<\/p>\n<p>O chefe da ala militar do grupo j\u00e1 se op\u00f4s ao plano, que Trump revelou na ter\u00e7a-feira. O presidente norte-americano deu esta sexta-feira ao Hamas at\u00e9 \u00e0s 18h00 EDT (23h00 em Portugal) de domingo para aceitar a proposta ou enfrentar &#8220;o inferno&#8221;.&#13;<\/p>\n","protected":false},"excerpt":{"rendered":"De acordo com a BBC, o Hamas afirmou que as suas for\u00e7as invadiram o bairro para deter indiv\u00edduos&hellip;\n","protected":false},"author":2,"featured_media":97916,"comment_status":"","ping_status":"","sticky":false,"template":"","format":"standard","meta":{"footnotes":""},"categories":[50],"tags":[27,28,24063,15,16,532,255,14,24062,25,26,21,22,62,12,13,19,20,23,24,17,18,29,30,31,63,64,65],"class_list":{"0":"post-97915","1":"post","2":"type-post","3":"status-publish","4":"format-standard","5":"has-post-thumbnail","7":"category-mundo","8":"tag-breaking-news","9":"tag-breakingnews","10":"tag-cla-al-mujaida","11":"tag-featured-news","12":"tag-featurednews","13":"tag-gaza","14":"tag-hamas","15":"tag-headlines","16":"tag-khan-younis","17":"tag-latest-news","18":"tag-latestnews","19":"tag-main-news","20":"tag-mainnews","21":"tag-mundo","22":"tag-news","23":"tag-noticias","24":"tag-noticias-principais","25":"tag-noticiasprincipais","26":"tag-principais-noticias","27":"tag-principaisnoticias","28":"tag-top-stories","29":"tag-topstories","30":"tag-ultimas","31":"tag-ultimas-noticias","32":"tag-ultimasnoticias","33":"tag-world","34":"tag-world-news","35":"tag-worldnews"},"share_on_mastodon":{"url":"","error":""},"_links":{"self":[{"href":"https:\/\/www.europesays.com\/pt\/wp-json\/wp\/v2\/posts\/97915","targetHints":{"allow":["GET"]}}],"collection":[{"href":"https:\/\/www.europesays.com\/pt\/wp-json\/wp\/v2\/posts"}],"about":[{"href":"https:\/\/www.europesays.com\/pt\/wp-json\/wp\/v2\/types\/post"}],"author":[{"embeddable":true,"href":"https:\/\/www.europesays.com\/pt\/wp-json\/wp\/v2\/users\/2"}],"replies":[{"embeddable":true,"href":"https:\/\/www.europesays.com\/pt\/wp-json\/wp\/v2\/comments?post=97915"}],"version-history":[{"count":0,"href":"https:\/\/www.europesays.com\/pt\/wp-json\/wp\/v2\/posts\/97915\/revisions"}],"wp:featuredmedia":[{"embeddable":true,"href":"https:\/\/www.europesays.com\/pt\/wp-json\/wp\/v2\/media\/97916"}],"wp:attachment":[{"href":"https:\/\/www.europesays.com\/pt\/wp-json\/wp\/v2\/media?parent=97915"}],"wp:term":[{"taxonomy":"category","embeddable":true,"href":"https:\/\/www.europesays.com\/pt\/wp-json\/wp\/v2\/categories?post=97915"},{"taxonomy":"post_tag","embeddable":true,"href":"https:\/\/www.europesays.com\/pt\/wp-json\/wp\/v2\/tags?post=97915"}],"curies":[{"name":"wp","href":"https:\/\/api.w.org\/{rel}","templated":true}]}}