{"id":97917,"date":"2025-10-04T11:29:16","date_gmt":"2025-10-04T11:29:16","guid":{"rendered":"https:\/\/www.europesays.com\/pt\/97917\/"},"modified":"2025-10-04T11:29:16","modified_gmt":"2025-10-04T11:29:16","slug":"benfica-pode-uma-virose-adiar-um-jogo-o-que-diz-o-regulamento-da-liga","status":"publish","type":"post","link":"https:\/\/www.europesays.com\/pt\/97917\/","title":{"rendered":"Benfica: pode uma virose adiar um jogo? O que diz o regulamento da Liga"},"content":{"rendered":"<p style=\"margin-bottom:11px\">A prop\u00f3sito da <a href=\"https:\/\/maisfutebol.iol.pt\/benfica\/liga\/virose-afeta-preparacao-do-benfica-para-o-classico-com-o-fc-porto\" rel=\"nofollow noopener\" target=\"_blank\">virose que afeta o plantel do Benfica e elementos da equipa t\u00e9cnica de Jos\u00e9 Mourinho<\/a> em v\u00e9speras do cl\u00e1ssico com o FC Porto no Est\u00e1dio do Drag\u00e3o, na oitava jornada da Liga, importa recordar o que determinam os regulamentos da prova. Ora, o adiamento apenas pode acontecer no caso de as \u00e1guias n\u00e3o terem, pelo menos, 13 jogadores dispon\u00edveis, entre os quais um guarda-redes. Mas o Benfica tem 72 jogadores inscritos na Liga.<\/p>\n<p>Nos casos de virose, a Liga Portugal recorre a um cl\u00ednico do Servi\u00e7o Nacional de Sa\u00fade para confirmar o quadro cl\u00ednico dos jogadores e demais envolvidos.<\/p>\n<p>\u00abDeve ser determinado o adiamento de um jogo sempre que um clube n\u00e3o tenha, comprovadamente, um m\u00ednimo de 13 jogadores (dos quais, pelo menos, um seja guarda-redes) aptos a jogar. A inaptid\u00e3o para jogar tem de ser atestada at\u00e9 ao in\u00edcio do jogo, pelas seguintes entidades ou pessoas: a) Dire\u00e7\u00e3o-Geral de Sa\u00fade, no caso de despiste positivo de SARS-CoV-2 e\/ou isolamento profil\u00e1tico de jogadores do plantel;\u00a0b) m\u00e9dico do Servi\u00e7o Nacional de Sa\u00fade, no caso de surto de outra doen\u00e7a contagiosa, v\u00edrica ou bacteriana, que determine incapacidade para jogar\u00bb, l\u00ea-se nos regulamentos da Liga Portugal.<\/p>\n<p>A situa\u00e7\u00e3o est\u00e1 a ser acompanhada de perto pelo departamento m\u00e9dico do Benfica. O <strong>Maisfutebol <\/strong>questionou o departamento de comunica\u00e7\u00e3o dos encarnados, mas n\u00e3o obteve resposta.<\/p>\n<p>No entanto, segundo foi poss\u00edvel apurar entretanto, o pedido de adiamento do jogo por parte do Benfica n\u00e3o \u00e9 um cen\u00e1rio colocado em cima da mesa.<\/p>\n<p><strong>J\u00e1 segue o\u00a0<a href=\"http:\/\/whatsapp.com\/channel\/0029Va9lGKPGOj9nW79Pd117\" title=\"http:\/\/whatsapp.com\/channel\/0029Va9lGKPGOj9nW79Pd117\" wbo-id=\"176\" rel=\"nofollow noopener\" target=\"_blank\">canal de Whatsapp do Maisfutebol<\/a>?\u00a0\u00a0<\/strong><\/p>\n<p><strong>Not\u00edcia atualizada \u00e0s 18h27 com a informa\u00e7\u00e3o do \u00faltimo par\u00e1grafo.<\/strong><\/p>\n","protected":false},"excerpt":{"rendered":"A prop\u00f3sito da virose que afeta o plantel do Benfica e elementos da equipa t\u00e9cnica de Jos\u00e9 Mourinho&hellip;\n","protected":false},"author":2,"featured_media":84760,"comment_status":"","ping_status":"","sticky":false,"template":"","format":"standard","meta":{"footnotes":""},"categories":[8],"tags":[51,27,28,4357,15,16,14,1385,25,26,36,22472,21,22,46,7864,12,13,19,20,32,23,24,33,47,17,18,29,30,31,4606],"class_list":{"0":"post-97917","1":"post","2":"type-post","3":"status-publish","4":"format-standard","5":"has-post-thumbnail","7":"category-principais-noticias","8":"tag-benfica","9":"tag-breaking-news","10":"tag-breakingnews","11":"tag-doenca","12":"tag-featured-news","13":"tag-featurednews","14":"tag-headlines","15":"tag-jose-mourinho","16":"tag-latest-news","17":"tag-latestnews","18":"tag-liga","19":"tag-liga-portugal","20":"tag-main-news","21":"tag-mainnews","22":"tag-maisfutebol","23":"tag-mourinho","24":"tag-news","25":"tag-noticias","26":"tag-noticias-principais","27":"tag-noticiasprincipais","28":"tag-portugal","29":"tag-principais-noticias","30":"tag-principaisnoticias","31":"tag-pt","32":"tag-pura-paixao","33":"tag-top-stories","34":"tag-topstories","35":"tag-ultimas","36":"tag-ultimas-noticias","37":"tag-ultimasnoticias","38":"tag-virose"},"share_on_mastodon":{"url":"","error":""},"_links":{"self":[{"href":"https:\/\/www.europesays.com\/pt\/wp-json\/wp\/v2\/posts\/97917","targetHints":{"allow":["GET"]}}],"collection":[{"href":"https:\/\/www.europesays.com\/pt\/wp-json\/wp\/v2\/posts"}],"about":[{"href":"https:\/\/www.europesays.com\/pt\/wp-json\/wp\/v2\/types\/post"}],"author":[{"embeddable":true,"href":"https:\/\/www.europesays.com\/pt\/wp-json\/wp\/v2\/users\/2"}],"replies":[{"embeddable":true,"href":"https:\/\/www.europesays.com\/pt\/wp-json\/wp\/v2\/comments?post=97917"}],"version-history":[{"count":0,"href":"https:\/\/www.europesays.com\/pt\/wp-json\/wp\/v2\/posts\/97917\/revisions"}],"wp:featuredmedia":[{"embeddable":true,"href":"https:\/\/www.europesays.com\/pt\/wp-json\/wp\/v2\/media\/84760"}],"wp:attachment":[{"href":"https:\/\/www.europesays.com\/pt\/wp-json\/wp\/v2\/media?parent=97917"}],"wp:term":[{"taxonomy":"category","embeddable":true,"href":"https:\/\/www.europesays.com\/pt\/wp-json\/wp\/v2\/categories?post=97917"},{"taxonomy":"post_tag","embeddable":true,"href":"https:\/\/www.europesays.com\/pt\/wp-json\/wp\/v2\/tags?post=97917"}],"curies":[{"name":"wp","href":"https:\/\/api.w.org\/{rel}","templated":true}]}}