{"id":98054,"date":"2025-10-04T15:03:22","date_gmt":"2025-10-04T15:03:22","guid":{"rendered":"https:\/\/www.europesays.com\/pt\/98054\/"},"modified":"2025-10-04T15:03:22","modified_gmt":"2025-10-04T15:03:22","slug":"morre-a-atriz-e-comediante-berta-loran-aos-99-anos","status":"publish","type":"post","link":"https:\/\/www.europesays.com\/pt\/98054\/","title":{"rendered":"Morre a atriz e comediante Berta Loran, aos 99 anos"},"content":{"rendered":"<p data-component-name=\"paragraph\" class=\"styles__ParagraphStyled-sc-6adecn-0 gsLklW  \">A atriz <a href=\"https:\/\/www.estadao.com.br\/tudo-sobre\/berta-loran\/\" target=\"_blank\" rel=\"nofollow noopener\" title=\"https:\/\/www.estadao.com.br\/tudo-sobre\/berta-loran\/\"><strong>Berta Loran<\/strong><\/a> morreu na noite de domingo, 28. A veterana completaria seu centen\u00e1rio em mar\u00e7o. Ela estava internada no Hospital Copa D\u2019Or. Em nota, a assessoria do centro de sa\u00fade confirmou a morte, mas disse que n\u00e3o est\u00e1 autorizada a divulgar a causa da morte. <\/p>\n<p><img  loading=\"lazy\" class=\"lazy-load-img\"\/><\/p>\n<p>Berta Loran morre aos 99 anos\u00a0Foto:  TV Globo \/ Jo\u00e3o Miguel J\u00fanior<\/p>\n<p data-component-name=\"paragraph\" class=\"styles__ParagraphStyled-sc-6adecn-0 gsLklW  \">Berta nasceu em Vars\u00f3via, na Pol\u00f4nia, em 1926. Chegou ao Brasil aos 9 anos de idade, fugida da persegui\u00e7\u00e3o nazista aos judeus na Europa. Ela se naturaliza brasileira em 1957.<\/p>\n<p>A carreira de Berta Loran<\/p>\n<p>O in\u00edcio da carreira como atriz e comediante se deu em clubes da comunidade judaica. Estreou no cinema em 1955, no filme Sinfonia Carioca, de <strong>Watson Macedo<\/strong>. Depois de uma carreira consolidada no cinema e no teatro, Berta foi chamada para compor o elenco do programa Espet\u00e1culos Tonelux, na extinta TV Tupi. <\/p>\n<p>A convite de <strong>Boni<\/strong>, entra para a TV Globo em 1966, para o programa Bairro Feliz, dirigido por <strong>Max Nunes<\/strong> (1922-2014) e <strong>Haroldo Barbosa <\/strong>(1915-1979). Na emissora, tem uma longa carreira, fazendo parte de elencos que constru\u00edram a hist\u00f3ria da televis\u00e3o brasileira, como Balan\u00e7a Mas N\u00e3o Cai (1968), Fa\u00e7a Humor, N\u00e3o Fa\u00e7a Guerra (entre 1970 e 1973), Satiricon (1974-1975), Planeta dos Homens (1976-1982) e Viva o Gordo (1981). <\/p>\n<p data-component-name=\"paragraph\" class=\"styles__ParagraphStyled-sc-6adecn-0 gsLklW  \">A partir de 1991, passa a participar sistematicamente dos programas de <strong>Chico Anysio<\/strong>, em especial da Escolinha do Professor Raimundo, onde interpretava a imigrante portuguesa Manuela D\u2019Al\u00e9m Mar. A atriz voltou \u00e0 Escolinha na segunda vers\u00e3o do programa, em 2001, interpretando a judia Sara Rebeca. Volta, pela terceira vez \u00e0 Escolinha, com a personagem Maria, novamente uma portuguesa, que contracenava com Manuel, vivido por <strong>Agildo Ribeiro<\/strong>. <\/p>\n<p data-component-name=\"paragraph\" class=\"styles__ParagraphStyled-sc-6adecn-0 gsLklW  \">Sua \u00faltima atua\u00e7\u00e3o na televis\u00e3o foi em A Dona do Peda\u00e7o, de 2009. Na trama de <strong>Walcyr Carrasco<\/strong>, Berta fez uma participa\u00e7\u00e3o como Dinor\u00e1 Macondo, m\u00e3e do personagem Juninho, vivido por <strong>Marco Nanini<\/strong>. <\/p>\n","protected":false},"excerpt":{"rendered":"A atriz Berta Loran morreu na noite de domingo, 28. A veterana completaria seu centen\u00e1rio em mar\u00e7o. Ela&hellip;\n","protected":false},"author":2,"featured_media":98055,"comment_status":"","ping_status":"","sticky":false,"template":"","format":"standard","meta":{"footnotes":""},"categories":[145],"tags":[9662,211,210,114,115,32,33],"class_list":{"0":"post-98054","1":"post","2":"type-post","3":"status-publish","4":"format-standard","5":"has-post-thumbnail","7":"category-celebridades","8":"tag-9662","9":"tag-celebridades","10":"tag-celebrities","11":"tag-entertainment","12":"tag-entretenimento","13":"tag-portugal","14":"tag-pt"},"share_on_mastodon":{"url":"","error":""},"_links":{"self":[{"href":"https:\/\/www.europesays.com\/pt\/wp-json\/wp\/v2\/posts\/98054","targetHints":{"allow":["GET"]}}],"collection":[{"href":"https:\/\/www.europesays.com\/pt\/wp-json\/wp\/v2\/posts"}],"about":[{"href":"https:\/\/www.europesays.com\/pt\/wp-json\/wp\/v2\/types\/post"}],"author":[{"embeddable":true,"href":"https:\/\/www.europesays.com\/pt\/wp-json\/wp\/v2\/users\/2"}],"replies":[{"embeddable":true,"href":"https:\/\/www.europesays.com\/pt\/wp-json\/wp\/v2\/comments?post=98054"}],"version-history":[{"count":0,"href":"https:\/\/www.europesays.com\/pt\/wp-json\/wp\/v2\/posts\/98054\/revisions"}],"wp:featuredmedia":[{"embeddable":true,"href":"https:\/\/www.europesays.com\/pt\/wp-json\/wp\/v2\/media\/98055"}],"wp:attachment":[{"href":"https:\/\/www.europesays.com\/pt\/wp-json\/wp\/v2\/media?parent=98054"}],"wp:term":[{"taxonomy":"category","embeddable":true,"href":"https:\/\/www.europesays.com\/pt\/wp-json\/wp\/v2\/categories?post=98054"},{"taxonomy":"post_tag","embeddable":true,"href":"https:\/\/www.europesays.com\/pt\/wp-json\/wp\/v2\/tags?post=98054"}],"curies":[{"name":"wp","href":"https:\/\/api.w.org\/{rel}","templated":true}]}}