{"id":98278,"date":"2025-10-04T19:59:12","date_gmt":"2025-10-04T19:59:12","guid":{"rendered":"https:\/\/www.europesays.com\/pt\/98278\/"},"modified":"2025-10-04T19:59:12","modified_gmt":"2025-10-04T19:59:12","slug":"gil-vicente-x-e-amadora-ao-minuto","status":"publish","type":"post","link":"https:\/\/www.europesays.com\/pt\/98278\/","title":{"rendered":"Gil Vicente X E. Amadora &#8211; AO MINUTO"},"content":{"rendered":"<p>\n                        Hoje algumas das lendas do Gil Vicente v\u00e3o estar no Est\u00e1dio Cidade de Barcelos para uma homenagem durante o intervalo.Est\u00e3o presentes os ex-jogadores: Capucho, Cacioli, Carlitos, Dejair, Formoso, Laureta, Lim, Marconi, Toz\u00e9, Rochinha, Xico Nelo e Z\u00e9 Albino.O presidente honor\u00e1rio do Gil Vicente FC, Francisco Dias da Silva, vai entregar algumas lembran\u00e7as \u00e0s gl\u00f3rias.\n                    <\/p>\n","protected":false},"excerpt":{"rendered":"Hoje algumas das lendas do Gil Vicente v\u00e3o estar no Est\u00e1dio Cidade de Barcelos para uma homenagem durante&hellip;\n","protected":false},"author":2,"featured_media":52081,"comment_status":"","ping_status":"","sticky":false,"template":"","format":"standard","meta":{"footnotes":""},"categories":[8],"tags":[27,28,5743,15,16,9112,14,25,26,21,22,12,13,19,20,32,479,10127,23,24,33,47,17,18,29,30,31],"class_list":{"0":"post-98278","1":"post","2":"type-post","3":"status-publish","4":"format-standard","5":"has-post-thumbnail","7":"category-principais-noticias","8":"tag-breaking-news","9":"tag-breakingnews","10":"tag-e-amadora","11":"tag-featured-news","12":"tag-featurednews","13":"tag-gil-vicente","14":"tag-headlines","15":"tag-latest-news","16":"tag-latestnews","17":"tag-main-news","18":"tag-mainnews","19":"tag-news","20":"tag-noticias","21":"tag-noticias-principais","22":"tag-noticiasprincipais","23":"tag-portugal","24":"tag-primeira-liga","25":"tag-primeira-liga-2025-2026","26":"tag-principais-noticias","27":"tag-principaisnoticias","28":"tag-pt","29":"tag-pura-paixao","30":"tag-top-stories","31":"tag-topstories","32":"tag-ultimas","33":"tag-ultimas-noticias","34":"tag-ultimasnoticias"},"share_on_mastodon":{"url":"","error":""},"_links":{"self":[{"href":"https:\/\/www.europesays.com\/pt\/wp-json\/wp\/v2\/posts\/98278","targetHints":{"allow":["GET"]}}],"collection":[{"href":"https:\/\/www.europesays.com\/pt\/wp-json\/wp\/v2\/posts"}],"about":[{"href":"https:\/\/www.europesays.com\/pt\/wp-json\/wp\/v2\/types\/post"}],"author":[{"embeddable":true,"href":"https:\/\/www.europesays.com\/pt\/wp-json\/wp\/v2\/users\/2"}],"replies":[{"embeddable":true,"href":"https:\/\/www.europesays.com\/pt\/wp-json\/wp\/v2\/comments?post=98278"}],"version-history":[{"count":0,"href":"https:\/\/www.europesays.com\/pt\/wp-json\/wp\/v2\/posts\/98278\/revisions"}],"wp:featuredmedia":[{"embeddable":true,"href":"https:\/\/www.europesays.com\/pt\/wp-json\/wp\/v2\/media\/52081"}],"wp:attachment":[{"href":"https:\/\/www.europesays.com\/pt\/wp-json\/wp\/v2\/media?parent=98278"}],"wp:term":[{"taxonomy":"category","embeddable":true,"href":"https:\/\/www.europesays.com\/pt\/wp-json\/wp\/v2\/categories?post=98278"},{"taxonomy":"post_tag","embeddable":true,"href":"https:\/\/www.europesays.com\/pt\/wp-json\/wp\/v2\/tags?post=98278"}],"curies":[{"name":"wp","href":"https:\/\/api.w.org\/{rel}","templated":true}]}}