{"id":98311,"date":"2025-10-04T20:58:17","date_gmt":"2025-10-04T20:58:17","guid":{"rendered":"https:\/\/www.europesays.com\/pt\/98311\/"},"modified":"2025-10-04T20:58:17","modified_gmt":"2025-10-04T20:58:17","slug":"o-empresario-mais-odiado-do-mundo-vai-ser-processado-por-copiar-obra-que-roubou-aos-fas","status":"publish","type":"post","link":"https:\/\/www.europesays.com\/pt\/98311\/","title":{"rendered":"O empres\u00e1rio mais odiado do Mundo vai ser processado por copiar obra que &#8220;roubou&#8221; aos f\u00e3s"},"content":{"rendered":"<p class=\"wp-caption-text top\"><a href=\"https:\/\/www.flickr.com\/photos\/oversight\/24952994152\/in\/album-72157662423806383\/\" rel=\"nofollow external noopener noreferrer\" data-wpel-link=\"external\" target=\"_blank\" class=\"ext-link\">OversightandReform \/ Flickr <\/a><\/p>\n<p><img decoding=\"async\" loading=\"lazy\" class=\"size-kopa-image-size-3 wp-image-704097\" src=\"https:\/\/www.europesays.com\/pt\/wp-content\/uploads\/2025\/10\/ded562af236104f74f255ca216c36c82-783x450.jpg\" alt=\"\" width=\"700\" height=\"402\"  \/><\/p>\n<p class=\"wp-caption-text bot\">Martin Shkreli, o \u201cempres\u00e1rio mais odiado do Mundo\u201d<\/p>\n<p><strong>O famigerado Martin Shkreli vai ser processado por ter copiado um \u00e1lbum \u00fanico dos Wu-Tang Clan, decidiu um tribunal norte-americano. A obra, comprada pelo empres\u00e1rio por 2 milh\u00f5es de d\u00f3lares, foi confiscada em 2018 pelo governo norte-americano e vendida a um coletivo de arte.<\/strong><\/p>\n<p>J\u00e1 n\u00e3o fal\u00e1vamos dele h\u00e1 uns tr\u00eas anos, essencialmente porque <strong>tem estado preso<\/strong>: <a href=\"https:\/\/zap.aeiou.pt\/tag\/martin-shkreli\" data-wpel-link=\"internal\" rel=\"nofollow noopener\" target=\"_blank\">Martin Shkreli<\/a>, o \u201cempres\u00e1rio mais odiado do mundo\u201d, est\u00e1 de novo nas not\u00edcias; desta vez, por ter <strong>copiado e difundido<\/strong> online um singular \u00e1lbum dos Wu-Tang Clan, de que existe <strong>apenas um exemplar<\/strong> \u2014 que chegou a ser seu.<\/p>\n<p>O empres\u00e1rio, que fez fortuna na ind\u00fastria farmac\u00eautica, <strong>come\u00e7ou cedo<\/strong> a cultivar o \u00f3dio de estima\u00e7\u00e3o que ainda hoje milh\u00f5es de \u201cf\u00e3s\u201d lhe dedicam.<\/p>\n<p>Em 2015, a sua Turing Pharmaceuticals adquiriu\u00a0 um medicamento usado para tratar doen\u00e7as como a SIDA e a toxoplasmose, e a primeira coisa que fez foi <a href=\"https:\/\/zap.aeiou.pt\/medicamento-aumentou-de-12-para-670-euros-de-um-dia-para-o-outro-83518\" data-wpel-link=\"internal\" rel=\"nofollow noopener\" target=\"_blank\">aumentar-lhe o pre\u00e7o de 12 para 670 euros<\/a>.<\/p>\n<p>Ao longo dos anos, Shkreli alimentou o seu estatuto de personagem ign\u00f3bil, e at\u00e9 tirou partido disso. Em 2016, <a href=\"https:\/\/zap.aeiou.pt\/empresario-odiado-do-mundo-esta-leiloar-um-murro-131771\" data-wpel-link=\"internal\" rel=\"nofollow noopener\" target=\"_blank\">leiloou um murro na (sua) cara<\/a> para angariar receitas a favor de uma crian\u00e7a, filho de um amigo, que tinha leucemia. As licita\u00e7\u00f5es chegaram aos <strong>79 mil d\u00f3lares<\/strong>.<\/p>\n<p>Em 2015, o empres\u00e1rio fez uma das suas mais revoltantes patifarias: \u201cdesviou\u201d dos f\u00e3s dos<strong> Wu-Tang Clan<\/strong> a \u00fanica c\u00f3pia de \u201cOnce Upon a Time in Shaolin\u201c, que a banda tinha criado como uma pe\u00e7a de arte, pela qual Shkreli pagou 2 milh\u00f5es de d\u00f3lares num leil\u00e3o.<\/p>\n<p><strong>N\u00e3o se pode dizer que pagar uns milh\u00f5es<\/strong> de d\u00f3lares por alguma coisa seja propriamente <strong>um roubo<\/strong>, mas foi assim que os furiosos f\u00e3s da banda norte-americana de hip-hop o encarou.<\/p>\n<p>Shkreli levou as suas patifarias longe demais: <strong>cometeu crimes<\/strong> de fraude financeira, conspira\u00e7\u00e3o para cometer fraude e conspira\u00e7\u00e3o para transfer\u00eancias fraudulentas, pelos quais foi em 2018 <a href=\"https:\/\/zap.aeiou.pt\/empresario-odiado-mundo-condenado-194895\" data-wpel-link=\"internal\" rel=\"nofollow noopener\" target=\"_blank\">condenado a 7 anos de pris\u00e3o<\/a>. Em 2022, foi <a href=\"https:\/\/zap.aeiou.pt\/martin-shkreli-multado-e-banido-da-industria-farmaceutica-para-sempre-459546\" data-wpel-link=\"internal\" rel=\"nofollow noopener\" target=\"_blank\">banido da ind\u00fastria farmac\u00eautica para sempre<\/a>.<\/p>\n<p>Na sequ\u00eancia da sua condena\u00e7\u00e3o, o Governo dos EUA confiscou ao antigo gestor de fundos um conjunto de bens, que foram posteriormente vendidos \u2014 entre os quais, precisamente, a c\u00f3pia \u00fanica de \u201cOnce Upon a Time in Shaolin\u201d, que em 2021 foi <a href=\"https:\/\/zap.aeiou.pt\/eua-venderam-album-unico-shkreli-420898\" data-wpel-link=\"internal\" rel=\"nofollow noopener\" target=\"_blank\">vendida em leil\u00e3o<\/a>, por <strong>4 milh\u00f5es de d\u00f3lares<\/strong>, \u00e0 <a href=\"https:\/\/pleasr.org\/\" data-wpel-link=\"external\" target=\"_blank\" rel=\"nofollow external noopener noreferrer\" class=\"ext-link\">PleasrDAO<\/a>.<\/p>\n<p>Acontece que o empres\u00e1rio, que <strong>tinha copiado o \u00e1lbum<\/strong>, decidiu recentemente <strong>transmiti-lo online em direto<\/strong> para os seus seguidores. Sim, Martin Shkreli tem seguidores.<\/p>\n<p>Quem n\u00e3o gostou da sess\u00e3o art\u00edstica foi a PleasrDAO, organiza\u00e7\u00e3o aut\u00f3noma fundada em 2021 por colecionadores, artistas e entusiastas de criptomoedas, que se dedica a <strong>recolher e salvaguardar arte digital e NFTs<\/strong> culturalmente significativos \u2014 e que det\u00e9m o \u00e1lbum e os seus direitos.<\/p>\n<p>Segundo a <a href=\"https:\/\/www.reuters.com\/legal\/government\/martin-shkreli-can-be-sued-copying-unique-wu-tang-clan-album-judge-rules-2025-09-26\/\" data-wpel-link=\"external\" target=\"_blank\" rel=\"nofollow external noopener noreferrer\" class=\"ext-link\">Reuters<\/a>,\u00a0 Shkreli <strong>ter\u00e1 agora de enfrentar um processo<\/strong> movido pela PleasrDAO, que acusa o antigo executivo farmac\u00eautico de apropria\u00e7\u00e3o de propriedade intelectual e uso da mesma sem autoriza\u00e7\u00e3o.<\/p>\n<p>Numa decis\u00e3o de 32 p\u00e1ginas, proferida esta quinta-feira, a ju\u00edza do Tribunal Distrital dos EUA <strong>Pamela Chen<\/strong> determinou que Shkreli ter\u00e1 de responder \u00e0s acusa\u00e7\u00f5es movidas pelo coletivo de arte, que exige indemniza\u00e7\u00f5es e lucros n\u00e3o especificados e a <strong>devolu\u00e7\u00e3o de todas as c\u00f3pias<\/strong> de \u201cShaolin\u201d que Shkreli possa ainda ter.<\/p>\n<p>\u00c9 pouco prov\u00e1vel que o empres\u00e1rio consiga sair-se airosamente do processo, uma vez que at\u00e9 <strong>j\u00e1 confessou publicamente<\/strong> ter copiado o album: em junho de 2024, quando um membro da PleasrDAO <a href=\"https:\/\/x.com\/androolloyd\/status\/1779149127663677617\" data-wpel-link=\"external\" target=\"_blank\" rel=\"nofollow external noopener noreferrer\" class=\"ext-link\">publicou<\/a> no X uma foto da caixa da singular obra, Shkreli n\u00e3o resistiu e <a href=\"https:\/\/x.com\/MartinShkreli\/status\/1779238901795701005\" data-wpel-link=\"external\" target=\"_blank\" rel=\"nofollow external noopener noreferrer\" class=\"ext-link\">comentou<\/a>: \u201c<strong>LOL, tenho os MP3s, seu idiota<\/strong>\u201d.<\/p>\n<p>Algu\u00e9m \u00e9 idiota. O tribunal determinar\u00e1 quem.<\/p>\n<p>    <a href=\"https:\/\/zap.aeiou.pt\/subscrever-newsletter\" data-wpel-link=\"internal\" rel=\"nofollow noopener\" target=\"_blank\">&#13;<br \/>\n        <img loading=\"lazy\" decoding=\"async\" class=\"aligncenter size-full wp-image-575475\" src=\"https:\/\/www.europesays.com\/pt\/wp-content\/uploads\/2025\/10\/1759488252_901_2d51fe4a0ba54894421ead1809309ed9-1-450x140.jpg\" alt=\"Subscreva a Newsletter ZAP\" width=\"450\" height=\"140\"\/>&#13;<br \/>\n    <\/a><\/p>\n<p>                <a href=\"https:\/\/whatsapp.com\/channel\/0029VaIC4EE2f3EJZPPSbR34\" data-wpel-link=\"external\" target=\"_blank\" rel=\"nofollow external noopener noreferrer\" class=\"ext-link\">&#13;<br \/>\n                    <img loading=\"lazy\" decoding=\"async\" class=\"aligncenter size-full wp-image-575475\" src=\"https:\/\/www.europesays.com\/pt\/wp-content\/uploads\/2025\/10\/1759488253_967_c68c559d956d4ca20f435ed74a6e71e6.png\" alt=\"Siga-nos no WhatsApp\" width=\"175\" height=\"64\"\/>&#13;<br \/>\n                <\/a><\/p>\n<p>                <a href=\"https:\/\/news.google.com\/publications\/CAAiEHRwZondIV71PDjWNoqMduEqFAgKIhB0cGaJ3SFe9Tw41jaKjHbh?hl=en-US&amp;gl=US&amp;ceid=US%3Aen\" data-wpel-link=\"external\" target=\"_blank\" rel=\"nofollow external noopener noreferrer\" class=\"ext-link\">&#13;<br \/>\n                    <img loading=\"lazy\" decoding=\"async\" class=\"aligncenter size-full wp-image-575475\" src=\"https:\/\/www.europesays.com\/pt\/wp-content\/uploads\/2025\/10\/1759488253_371_5123dd8b087b644fdb8f8603acd1bad4.png\" alt=\"Siga-nos no Google News\" width=\"176\" height=\"64\"\/>&#13;<br \/>\n                <\/a><\/p>\n","protected":false},"excerpt":{"rendered":"OversightandReform \/ Flickr Martin Shkreli, o \u201cempres\u00e1rio mais odiado do Mundo\u201d O famigerado Martin Shkreli vai ser processado&hellip;\n","protected":false},"author":2,"featured_media":98312,"comment_status":"","ping_status":"","sticky":false,"template":"","format":"standard","meta":{"footnotes":""},"categories":[50],"tags":[207,27,28,17717,413,15,16,14,603,25,26,21,22,24151,62,150,12,13,19,20,23,24,18807,17,18,29,30,31,63,64,65],"class_list":{"0":"post-98311","1":"post","2":"type-post","3":"status-publish","4":"format-standard","5":"has-post-thumbnail","7":"category-mundo","8":"tag-arte","9":"tag-breaking-news","10":"tag-breakingnews","11":"tag-direitos-de-autor","12":"tag-eua","13":"tag-featured-news","14":"tag-featurednews","15":"tag-headlines","16":"tag-justica","17":"tag-latest-news","18":"tag-latestnews","19":"tag-main-news","20":"tag-mainnews","21":"tag-martin-shkreli","22":"tag-mundo","23":"tag-musica","24":"tag-news","25":"tag-noticias","26":"tag-noticias-principais","27":"tag-noticiasprincipais","28":"tag-principais-noticias","29":"tag-principaisnoticias","30":"tag-propriedade-intelectual","31":"tag-top-stories","32":"tag-topstories","33":"tag-ultimas","34":"tag-ultimas-noticias","35":"tag-ultimasnoticias","36":"tag-world","37":"tag-world-news","38":"tag-worldnews"},"share_on_mastodon":{"url":"","error":""},"_links":{"self":[{"href":"https:\/\/www.europesays.com\/pt\/wp-json\/wp\/v2\/posts\/98311","targetHints":{"allow":["GET"]}}],"collection":[{"href":"https:\/\/www.europesays.com\/pt\/wp-json\/wp\/v2\/posts"}],"about":[{"href":"https:\/\/www.europesays.com\/pt\/wp-json\/wp\/v2\/types\/post"}],"author":[{"embeddable":true,"href":"https:\/\/www.europesays.com\/pt\/wp-json\/wp\/v2\/users\/2"}],"replies":[{"embeddable":true,"href":"https:\/\/www.europesays.com\/pt\/wp-json\/wp\/v2\/comments?post=98311"}],"version-history":[{"count":0,"href":"https:\/\/www.europesays.com\/pt\/wp-json\/wp\/v2\/posts\/98311\/revisions"}],"wp:featuredmedia":[{"embeddable":true,"href":"https:\/\/www.europesays.com\/pt\/wp-json\/wp\/v2\/media\/98312"}],"wp:attachment":[{"href":"https:\/\/www.europesays.com\/pt\/wp-json\/wp\/v2\/media?parent=98311"}],"wp:term":[{"taxonomy":"category","embeddable":true,"href":"https:\/\/www.europesays.com\/pt\/wp-json\/wp\/v2\/categories?post=98311"},{"taxonomy":"post_tag","embeddable":true,"href":"https:\/\/www.europesays.com\/pt\/wp-json\/wp\/v2\/tags?post=98311"}],"curies":[{"name":"wp","href":"https:\/\/api.w.org\/{rel}","templated":true}]}}