{"id":98410,"date":"2025-10-04T23:20:11","date_gmt":"2025-10-04T23:20:11","guid":{"rendered":"https:\/\/www.europesays.com\/pt\/98410\/"},"modified":"2025-10-04T23:20:11","modified_gmt":"2025-10-04T23:20:11","slug":"comerciantes-formam-grupo-de-trabalho-do-bolhao-para-defender-a-nova-dinamica-do-mercado","status":"publish","type":"post","link":"https:\/\/www.europesays.com\/pt\/98410\/","title":{"rendered":"Comerciantes formam Grupo de Trabalho do Bolh\u00e3o para defender a nova din\u00e2mica do mercado"},"content":{"rendered":"<p>O Manifesto do Grupo de Trabalho do Mercado do Bolh\u00e3o (GTMB) foi assinado por &#8220;cerca de 50 comerciantes&#8221; do andar com sa\u00edda para a rua Formosa, onde prosperam novos modelos de neg\u00f3cio e se preservam, e at\u00e9 reinventam, alguns dos antigos. &#8220;N\u00e3o aceitamos que uma associa\u00e7\u00e3o que diz representar os comerciantes do Mercado do Bolh\u00e3o se refira aos comerciantes do Terrado como sendo taberneiros&#8221;, l\u00ea-se no manifesto dos fundadores.<\/p>\n<p data-remotead-prev-elm=\"true\" data-remotead-elm-id=\"inread\">&#8220;Acho que \u00e9 uma deseleg\u00e2ncia enorme&#8221;, argumentou Hugo Silva, um dos quatro promotores do GTMB. &#8220;A Associa\u00e7\u00e3o Bolha de \u00c1gua come\u00e7ou a atacar indiscriminadamente tudo aquilo que era comerciante do interior, apelidando-nos de tudo e mais alguma coisa, e isso fez crescer entre os que trabalham no Terrado a vontade de demonstrar que n\u00e3o \u00e9 real&#8221;, acrescentou. &#8220;Somos 77 comerciantes no Terrado e, neste momento 70% j\u00e1 assinou o manifesto&#8221;, acrescentou.<\/p>\n<p>Acesso exclusivo a assinantes<\/p>\n<p>Acesso ilimitado a conte\u00fados exclusivos<\/p>\n<p>Navega\u00e7\u00e3o sem publicidade intrusiva<\/p>\n<p>Vers\u00e3o digital do jornal, suplementos e revistas<\/p>\n","protected":false},"excerpt":{"rendered":"O Manifesto do Grupo de Trabalho do Mercado do Bolh\u00e3o (GTMB) foi assinado por &#8220;cerca de 50 comerciantes&#8221;&hellip;\n","protected":false},"author":2,"featured_media":98411,"comment_status":"","ping_status":"","sticky":false,"template":"","format":"standard","meta":{"footnotes":""},"categories":[10],"tags":[27,28,20018,15,16,14,25,26,21,22,42,12432,12,13,19,20,462,32,23,24,33,17,18,29,30,31],"class_list":{"0":"post-98410","1":"post","2":"type-post","3":"status-publish","4":"format-standard","5":"has-post-thumbnail","7":"category-portugal","8":"tag-breaking-news","9":"tag-breakingnews","10":"tag-concelho-porto","11":"tag-featured-news","12":"tag-featurednews","13":"tag-headlines","14":"tag-latest-news","15":"tag-latestnews","16":"tag-main-news","17":"tag-mainnews","18":"tag-mercado","19":"tag-mercado-do-bolhao","20":"tag-news","21":"tag-noticias","22":"tag-noticias-principais","23":"tag-noticiasprincipais","24":"tag-porto","25":"tag-portugal","26":"tag-principais-noticias","27":"tag-principaisnoticias","28":"tag-pt","29":"tag-top-stories","30":"tag-topstories","31":"tag-ultimas","32":"tag-ultimas-noticias","33":"tag-ultimasnoticias"},"share_on_mastodon":{"url":"","error":""},"_links":{"self":[{"href":"https:\/\/www.europesays.com\/pt\/wp-json\/wp\/v2\/posts\/98410","targetHints":{"allow":["GET"]}}],"collection":[{"href":"https:\/\/www.europesays.com\/pt\/wp-json\/wp\/v2\/posts"}],"about":[{"href":"https:\/\/www.europesays.com\/pt\/wp-json\/wp\/v2\/types\/post"}],"author":[{"embeddable":true,"href":"https:\/\/www.europesays.com\/pt\/wp-json\/wp\/v2\/users\/2"}],"replies":[{"embeddable":true,"href":"https:\/\/www.europesays.com\/pt\/wp-json\/wp\/v2\/comments?post=98410"}],"version-history":[{"count":0,"href":"https:\/\/www.europesays.com\/pt\/wp-json\/wp\/v2\/posts\/98410\/revisions"}],"wp:featuredmedia":[{"embeddable":true,"href":"https:\/\/www.europesays.com\/pt\/wp-json\/wp\/v2\/media\/98411"}],"wp:attachment":[{"href":"https:\/\/www.europesays.com\/pt\/wp-json\/wp\/v2\/media?parent=98410"}],"wp:term":[{"taxonomy":"category","embeddable":true,"href":"https:\/\/www.europesays.com\/pt\/wp-json\/wp\/v2\/categories?post=98410"},{"taxonomy":"post_tag","embeddable":true,"href":"https:\/\/www.europesays.com\/pt\/wp-json\/wp\/v2\/tags?post=98410"}],"curies":[{"name":"wp","href":"https:\/\/api.w.org\/{rel}","templated":true}]}}