{"id":98810,"date":"2025-10-05T13:44:17","date_gmt":"2025-10-05T13:44:17","guid":{"rendered":"https:\/\/www.europesays.com\/pt\/98810\/"},"modified":"2025-10-05T13:44:17","modified_gmt":"2025-10-05T13:44:17","slug":"jovem-alpinista-morre-em-live-no-tiktok-ao-escalar-montanha-observador","status":"publish","type":"post","link":"https:\/\/www.europesays.com\/pt\/98810\/","title":{"rendered":"Jovem alpinista morre em live no TikTok ao escalar montanha \u2013 Observador"},"content":{"rendered":"<p>Balin Miller, alpinista norte-americano de 23 anos, morreu na quarta-feira, 1 de outubro, ap\u00f3s cair de El Capit\u00e1n, no Parque Nacional de Yosemite (Calif\u00f3rnia), j\u00e1 perto do topo da via Sea of Dreams. A m\u00e3e confirmou a morte nas redes sociais e as autoridades do parque abriram investiga\u00e7\u00e3o, <a href=\"https:\/\/apnews.com\/article\/yosemite-climber-death-balin-miller-2b30976fd38680bcdbf7761ece3c0e5f\" rel=\"nofollow noopener\" target=\"_blank\">noticiou a ag\u00eancia Associated Press<\/a>. <strong>O momento foi captado numa transmiss\u00e3o em direto no TikTok<\/strong> acompanhada por centenas de pessoas.<\/p>\n<p>O acidente ter\u00e1 acontecido quando o saco de carga ficou preso abaixo da ancoragem. Segundo a revista especializada Climbing, Miller desceu a corda para libertar o material e acabou por ultrapassar o final da corda durante a descida\u00a0\u2014 um erro frequente e quase sempre fatal quando n\u00e3o h\u00e1 n\u00f3 de seguran\u00e7a.<\/p>\n<p>Miller n\u00e3o fazia free solo (escalada sem corda ou qualquer tipo de prote\u00e7\u00e3o). Estava a escalar sozinho com t\u00e9cnicas de auto seguran\u00e7a \u2014 sobe a colocar prote\u00e7\u00f5es, fixa a corda, desce para recuperar o equipamento e volta a subir. \u00c9 um processo demorado, que <strong>pode durar dias numa parede com 900 metros de desn\u00edvel<\/strong>, <a href=\"https:\/\/elpais.com\/deportes\/el-montanista\/2025-10-03\/muerte-en-directo-en-tik-tok-de-balin-miller-mientras-escalaba-en-yosemite.html?event_log=oklogin\" rel=\"nofollow noopener\" target=\"_blank\">explicou o jornal El Pa\u00eds.<\/a><\/p>\n<p>A transmiss\u00e3o foi feita a partir do prado de El Capit\u00e1n por um entusiasta que acompanhava, ao longe, os movimentos na parede. A\u00a0transmiss\u00e3o em direto juntou ao longo da semana uma audi\u00eancia ampla e, no momento da queda, perto de 500 pessoas acompanhavam o momento.<\/p>\n<p>Miller chegava a Yosemite num ano em que se tornara um <strong>fen\u00f3meno na escalada mundial<\/strong>. Em junho foi o primeiro a concluir sozinho, com corda, a rota Slovak Direct, no Denali (Alasca), uma linha t\u00e9cnica de 2.700 metros com pouqu\u00edssimas repeti\u00e7\u00f5es. Tamb\u00e9m realizou solos de refer\u00eancia na Patag\u00f3nia e nas Rochosas canadianas, incluindo a dif\u00edcil Reality Bath.<\/p>\n<p>Conhecido em Yosemite como o \u201cOrange Tent Guy\u201d, pela cor da tenda suspensa onde dormia preso \u00e0 parede, Miller ganhava notoriedade nas redes sociais ao partilhar o quotidiano das grandes paredes \u2014 e era apontado por alpinistas experientes como uma das promessas da sua gera\u00e7\u00e3o.<\/p>\n<p>A administra\u00e7\u00e3o de Yosemite indicou estar a recolher informa\u00e7\u00e3o e a preparar um relat\u00f3rio oficial. Segundo o Los Angeles Times, os guardas do parque responderam rapidamente, apesar das limita\u00e7\u00f5es associadas ao shutdown federal iniciado no mesmo dia.<\/p>\n<p>Rapp\u00e9is que terminam para l\u00e1 do fim da corda est\u00e3o entre as causas mais comuns de acidentes graves na escalada. A Climbing e o Guardian <a href=\"https:\/\/www.theguardian.com\/sport\/2025\/oct\/02\/balin-miller-climber-death-el-capitan\" rel=\"nofollow noopener\" target=\"_blank\">recordam casos anteriores e refor\u00e7am a recomenda\u00e7\u00e3o de usar n\u00f3s de bloqueio<\/a> nas extremidades em todas as descidas em rappel.<\/p>\n","protected":false},"excerpt":{"rendered":"Balin Miller, alpinista norte-americano de 23 anos, morreu na quarta-feira, 1 de outubro, ap\u00f3s cair de El Capit\u00e1n,&hellip;\n","protected":false},"author":2,"featured_media":98811,"comment_status":"","ping_status":"","sticky":false,"template":"","format":"standard","meta":{"footnotes":""},"categories":[8],"tags":[624,27,28,135,623,15,16,14,25,26,21,22,62,12,13,19,20,32,23,24,33,58,17,18,2303,29,30,31],"class_list":{"0":"post-98810","1":"post","2":"type-post","3":"status-publish","4":"format-standard","5":"has-post-thumbnail","7":"category-principais-noticias","8":"tag-amu00e9rica","9":"tag-breaking-news","10":"tag-breakingnews","11":"tag-desporto","12":"tag-estados-unidos-da-amu00e9rica","13":"tag-featured-news","14":"tag-featurednews","15":"tag-headlines","16":"tag-latest-news","17":"tag-latestnews","18":"tag-main-news","19":"tag-mainnews","20":"tag-mundo","21":"tag-news","22":"tag-noticias","23":"tag-noticias-principais","24":"tag-noticiasprincipais","25":"tag-portugal","26":"tag-principais-noticias","27":"tag-principaisnoticias","28":"tag-pt","29":"tag-sociedade","30":"tag-top-stories","31":"tag-topstories","32":"tag-u00d3bito","33":"tag-ultimas","34":"tag-ultimas-noticias","35":"tag-ultimasnoticias"},"share_on_mastodon":{"url":"","error":""},"_links":{"self":[{"href":"https:\/\/www.europesays.com\/pt\/wp-json\/wp\/v2\/posts\/98810","targetHints":{"allow":["GET"]}}],"collection":[{"href":"https:\/\/www.europesays.com\/pt\/wp-json\/wp\/v2\/posts"}],"about":[{"href":"https:\/\/www.europesays.com\/pt\/wp-json\/wp\/v2\/types\/post"}],"author":[{"embeddable":true,"href":"https:\/\/www.europesays.com\/pt\/wp-json\/wp\/v2\/users\/2"}],"replies":[{"embeddable":true,"href":"https:\/\/www.europesays.com\/pt\/wp-json\/wp\/v2\/comments?post=98810"}],"version-history":[{"count":0,"href":"https:\/\/www.europesays.com\/pt\/wp-json\/wp\/v2\/posts\/98810\/revisions"}],"wp:featuredmedia":[{"embeddable":true,"href":"https:\/\/www.europesays.com\/pt\/wp-json\/wp\/v2\/media\/98811"}],"wp:attachment":[{"href":"https:\/\/www.europesays.com\/pt\/wp-json\/wp\/v2\/media?parent=98810"}],"wp:term":[{"taxonomy":"category","embeddable":true,"href":"https:\/\/www.europesays.com\/pt\/wp-json\/wp\/v2\/categories?post=98810"},{"taxonomy":"post_tag","embeddable":true,"href":"https:\/\/www.europesays.com\/pt\/wp-json\/wp\/v2\/tags?post=98810"}],"curies":[{"name":"wp","href":"https:\/\/api.w.org\/{rel}","templated":true}]}}