{"id":98812,"date":"2025-10-05T13:52:08","date_gmt":"2025-10-05T13:52:08","guid":{"rendered":"https:\/\/www.europesays.com\/pt\/98812\/"},"modified":"2025-10-05T13:52:08","modified_gmt":"2025-10-05T13:52:08","slug":"comportamentos-evitaveis-causam-42-das-mortes-por-cancro-observador","status":"publish","type":"post","link":"https:\/\/www.europesays.com\/pt\/98812\/","title":{"rendered":"Comportamentos evit\u00e1veis causam 42% das mortes por cancro \u2013 Observador"},"content":{"rendered":"<p>Um novo estudo global publicado na revista \u201cThe Lancet\u201d conclui que <strong>42% das mortes por cancro em 2023 estiveram associadas a 44 fatores de risco evit\u00e1veis<\/strong>, desde o tabaco e o \u00e1lcool \u00e0 obesidade, alimenta\u00e7\u00e3o pouco saud\u00e1vel e exposi\u00e7\u00e3o \u00e0 polui\u00e7\u00e3o.<\/p>\n<p>De acordo com o <a href=\"https:\/\/elpais.com\/salud-y-bienestar\/2025-09-25\/el-42-de-las-muertes-por-cancer-estan-vinculadas-a-44-factores-de-riesgo-evitables.html\" rel=\"nofollow noopener\" target=\"_blank\">jornal El Pa\u00eds<\/a>, esta investiga\u00e7\u00e3o, que analisou dados de 200 pa\u00edses, alerta que a incid\u00eancia de cancro continua a aumentar e poder\u00e1 crescer 61% at\u00e9 2050, impulsionada pelo envelhecimento populacional e pelo crescimento demogr\u00e1fico.<\/p>\n<p>O tabaco permanece como a maior causa de morte evit\u00e1vel por cancro, estando ligado a <strong>uma em cada cinco mortes<\/strong> registadas no \u00faltimo ano. Os investigadores sublinham, contudo, que outros comportamentos nocivos est\u00e3o a ganhar peso. A obesidade, o sedentarismo, o consumo excessivo de \u00e1lcool e dietas pobres em fibras, frutas e vegetais est\u00e3o entre os fatores de risco que mais contribuem para o aumento da doen\u00e7a.<\/p>\n<p>Segundo o autor principal do estudo, Theo Vos, do Instituto de M\u00e9tricas e Avalia\u00e7\u00e3o da Sa\u00fade da Universidade de Washington, \u201co peso destes fatores modific\u00e1veis \u00e9 cada vez mais preocupante, sobretudo porque muitos s\u00e3o preven\u00edveis atrav\u00e9s de pol\u00edticas p\u00fablicas eficazes\u201d.<\/p>\n<p>O estudo assinala ainda o papel de exposi\u00e7\u00f5es ambientais e ocupacionais, como o contacto com amianto, ars\u00e9nico e polui\u00e7\u00e3o atmosf\u00e9rica, que continuam a representar uma fatia significativa dos cancros do pulm\u00e3o e do trato respirat\u00f3rio.<\/p>\n<p>Os autores do relat\u00f3rio defendem que uma grande parte destas mortes <strong>poderia ser evitada atrav\u00e9s de medidas de preven\u00e7\u00e3o prim\u00e1ria<\/strong>, como aumento da tributa\u00e7\u00e3o sobre o tabaco e o \u00e1lcool, programas de vacina\u00e7\u00e3o contra o v\u00edrus do papiloma humano (HPV), e campanhas de educa\u00e7\u00e3o alimentar e promo\u00e7\u00e3o da atividade f\u00edsica.<\/p>\n<p>Num coment\u00e1rio anexo ao estudo, os investigadores Qingwei Luo e David Smith, da Universidade de Sidney, refor\u00e7am que \u201ca redu\u00e7\u00e3o destes comportamentos modific\u00e1veis teria benef\u00edcios n\u00e3o apenas na luta contra o cancro, mas tamb\u00e9m contra doen\u00e7as cardiovasculares e metab\u00f3licas, que partilham muitos dos mesmos fatores de risco\u201d.<\/p>\n<p>Um dos alertas mais preocupantes do relat\u00f3rio \u00e9 o crescimento de certos tipos de cancro em adultos com menos de 50 anos. Tradicionalmente associada ao envelhecimento, a doen\u00e7a tem vindo a atingir faixas et\u00e1rias mais jovens.<\/p>\n<p>O oncologista Jes\u00fas Garc\u00eda Foncillas, presidente da Funda\u00e7\u00e3o ECO para a Excel\u00eancia e Qualidade em Oncologia, aponta h\u00e1bitos alimentares modernos e altera\u00e7\u00f5es da flora intestinal como poss\u00edveis causas deste fen\u00f3meno, em especial no <strong>cancro colorretal<\/strong>.<\/p>\n<p>\u201cN\u00e3o podemos baixar a guarda nem pensar que o problema est\u00e1 resolvido. Temos de reeducar as novas gera\u00e7\u00f5es e fomentar estilos de vida saud\u00e1veis\u201d, defendeu o m\u00e9dico ao El Pa\u00eds.<\/p>\n<p>A carga de cancro n\u00e3o \u00e9 homog\u00e9nea no mundo. Apesar de as taxas de mortalidade ajustadas por idade terem descido 24% entre 1990 e 2023, os avan\u00e7os concentram-se sobretudo nos pa\u00edses de alto rendimento.<\/p>\n<p>Nas regi\u00f5es mais pobres, a situa\u00e7\u00e3o \u00e9 inversa: a incid\u00eancia ajustada por idade aumentou at\u00e9 29% e as mortes subiram 17% no mesmo per\u00edodo. Para Theo Vos, esta disparidade reflete \u201co acesso limitado ao diagn\u00f3stico precoce, aos tratamentos e a infraestruturas de sa\u00fade adequadas\u201d.<\/p>\n<p>Os pa\u00edses com baixos recursos ser\u00e3o, segundo os investigadores, <strong>os mais afetados pelo aumento previsto de casos e mortes at\u00e9 2050<\/strong>, quando se esperam 30,5 milh\u00f5es de novos diagn\u00f3sticos e 18,6 milh\u00f5es de \u00f3bitos.<\/p>\n<p>Em pa\u00edses como Espanha, a taxa de mortalidade por cancro ajustada por idade caiu 28% nas \u00faltimas tr\u00eas d\u00e9cadas, enquanto nos Estados Unidos e na China a descida foi de 33% e 43%, respetivamente. No entanto, em pa\u00edses como o L\u00edbano ou a \u00cdndia, os \u00edndices aumentaram significativamente, revelando a necessidade de estrat\u00e9gias adaptadas a cada contexto.<\/p>\n<p>Para Vos, a resposta passa por \u201creduzir o consumo de tabaco e \u00e1lcool, travar o aumento da obesidade, expandir as campanhas de vacina\u00e7\u00e3o e garantir o acesso equitativo ao tratamento\u201d.<\/p>\n<p>A m\u00e9dica Isabel Echavarr\u00eda, da Sociedade Espanhola de Oncologia M\u00e9dica, acrescenta que os resultados devem ser vistos como \u201cuma chamada de aten\u00e7\u00e3o para agir antes que o problema se agrave\u201d.<\/p>\n<p>\u201c\u00c9 essencial trabalhar na preven\u00e7\u00e3o e no diagn\u00f3stico precoce. Controlar os fatores de risco pode reduzir substancialmente a mortalidade por cancro\u201d, afirmou.<\/p>\n<p>O estudo publicado na The Lancet \u00e9, segundo os autores, uma <strong>\u201cchamada de aten\u00e7\u00e3o\u201d global<\/strong>: apesar de os avan\u00e7os m\u00e9dicos terem melhorado a sobreviv\u00eancia, o peso dos comportamentos evit\u00e1veis continua a crescer. \u201cPrecisamos de agir agora\u201d, alertam os investigadores, \u201cporque o futuro do cancro ser\u00e1 determinado n\u00e3o s\u00f3 pela medicina, mas pelas escolhas que fazemos todos os dias.\u201d<\/p>\n","protected":false},"excerpt":{"rendered":"Um novo estudo global publicado na revista \u201cThe Lancet\u201d conclui que 42% das mortes por cancro em 2023&hellip;\n","protected":false},"author":2,"featured_media":98813,"comment_status":"","ping_status":"","sticky":false,"template":"","format":"standard","meta":{"footnotes":""},"categories":[86],"tags":[964,1207,442,14199,116,1208,1022,13604,32,33,2946,117,58],"class_list":{"0":"post-98812","1":"post","2":"type-post","3":"status-publish","4":"format-standard","5":"has-post-thumbnail","7":"category-saude","8":"tag-ambiente","9":"tag-cancro","10":"tag-ciu00eancia","11":"tag-estudo-cientu00edfico","12":"tag-health","13":"tag-medicina","14":"tag-obesidade","15":"tag-poluiu00e7u00e3o","16":"tag-portugal","17":"tag-pt","18":"tag-sau00fade","19":"tag-saude","20":"tag-sociedade"},"share_on_mastodon":{"url":"","error":""},"_links":{"self":[{"href":"https:\/\/www.europesays.com\/pt\/wp-json\/wp\/v2\/posts\/98812","targetHints":{"allow":["GET"]}}],"collection":[{"href":"https:\/\/www.europesays.com\/pt\/wp-json\/wp\/v2\/posts"}],"about":[{"href":"https:\/\/www.europesays.com\/pt\/wp-json\/wp\/v2\/types\/post"}],"author":[{"embeddable":true,"href":"https:\/\/www.europesays.com\/pt\/wp-json\/wp\/v2\/users\/2"}],"replies":[{"embeddable":true,"href":"https:\/\/www.europesays.com\/pt\/wp-json\/wp\/v2\/comments?post=98812"}],"version-history":[{"count":0,"href":"https:\/\/www.europesays.com\/pt\/wp-json\/wp\/v2\/posts\/98812\/revisions"}],"wp:featuredmedia":[{"embeddable":true,"href":"https:\/\/www.europesays.com\/pt\/wp-json\/wp\/v2\/media\/98813"}],"wp:attachment":[{"href":"https:\/\/www.europesays.com\/pt\/wp-json\/wp\/v2\/media?parent=98812"}],"wp:term":[{"taxonomy":"category","embeddable":true,"href":"https:\/\/www.europesays.com\/pt\/wp-json\/wp\/v2\/categories?post=98812"},{"taxonomy":"post_tag","embeddable":true,"href":"https:\/\/www.europesays.com\/pt\/wp-json\/wp\/v2\/tags?post=98812"}],"curies":[{"name":"wp","href":"https:\/\/api.w.org\/{rel}","templated":true}]}}