{"id":98818,"date":"2025-10-05T13:58:28","date_gmt":"2025-10-05T13:58:28","guid":{"rendered":"https:\/\/www.europesays.com\/pt\/98818\/"},"modified":"2025-10-05T13:58:28","modified_gmt":"2025-10-05T13:58:28","slug":"greta-thunberg-diz-que-esta-detida-por-israel-em-cela-infestada-de-percevejos-israel","status":"publish","type":"post","link":"https:\/\/www.europesays.com\/pt\/98818\/","title":{"rendered":"Greta Thunberg diz que est\u00e1 detida por Israel em cela infestada de percevejos | Israel"},"content":{"rendered":"<p>A activista <a href=\"https:\/\/www.publico.pt\/2025\/09\/18\/p3\/noticia\/greta-thunberg-deixa-direccao-flotilha-humanitaria-gaza-2147741?ref=greta-thunberg&amp;cx=page__content\" rel=\"nofollow noopener\" target=\"_blank\">Greta Thunberg<\/a> disse \u00e0s autoridades suecas que est\u00e1 a ser submetida a tratamento severo sob cust\u00f3dia israelita, ap\u00f3s a sua deten\u00e7\u00e3o a bordo da flotilha que transportava ajuda humanit\u00e1ria para Gaza, de acordo com o <a href=\"https:\/\/www.theguardian.com\/world\/2025\/oct\/04\/greta-thunberg-israel-gaza-sweden\" target=\"_blank\" rel=\"nofollow noopener\">The Guardian<\/a>.<\/p>\n<p>Num email enviado pelo Minist\u00e9rio das Rela\u00e7\u00f5es Exteriores da Su\u00e9cia a pessoas pr\u00f3ximas a Thunberg, citado pelo The Guardian, um oficial que visitou a activista na pris\u00e3o afirmou que esta alegou ter sido detida numa cela infestada de percevejos, com pouca comida e \u00e1gua.<\/p>\n<p>\u201cA embaixada conseguiu encontrar-se com Greta\u201d, l\u00ea-se no email. \u201cEla disse que estava desidratada. Recebeu quantidades insuficientes de \u00e1gua e comida. Tamb\u00e9m afirmou ter desenvolvido erup\u00e7\u00f5es cut\u00e2neas, que suspeita terem sido causadas por percevejos, e falou sobre tratamento severo, afirmando ter ficado sentada por longos per\u00edodos em superf\u00edcies duras.\u201d<\/p>\n<p>\u201cOutra detida teria dito a outra embaixada que a viram [Thunberg] a ser for\u00e7ada a segurar bandeiras enquanto fotos eram tiradas. Ela questionou-se sobre se imagens suas teriam sido distribu\u00eddas\u201d, acrescentou o funcion\u00e1rio do minist\u00e9rio sueco.<\/p>\n<p>Thunberg est\u00e1 entre os 437 activistas, que incluem parlamentares, que fazem parte da <a href=\"https:\/\/www.publico.pt\/2025\/10\/02\/mundo\/noticia\/inevitavel-aconteceu-flotilha-rumo-gaza-travada-israel-2149426\" rel=\"nofollow noopener\" target=\"_blank\">Flotilha Global Sumud<\/a> (GSF, na sigla original), uma coliga\u00e7\u00e3o de mais de 40 embarca\u00e7\u00f5es que transportava ajuda humanit\u00e1ria e que tinha por objectivo romper o bloqueio mar\u00edtimo israelita de 16 anos \u00e0 Faixa de Gaza.<\/p>\n<p>A deputada do Bloco de Esquerda <a href=\"https:\/\/www.publico.pt\/2025\/10\/01\/mundo\/noticia\/membros-flotilha-humanitaria-rumo-gaza-denunciam-guerra-psicologica-israel-2149227\" rel=\"nofollow noopener\" target=\"_blank\">Mariana Mort\u00e1gua<\/a>, que estava a bordo da flotilha e foi detida pelas for\u00e7as israelitas, tamb\u00e9m deixou uma mensagem ao c\u00f4nsul de Portugal em Israel, a quem afirmou n\u00e3o ter sido bem tratada, e ter ficado \u201csem comida nem \u00e1gua durante 48 horas\u201d.<\/p>\n<p>Entre quinta e sexta-feira desta semana, as for\u00e7as israelitas interceptaram todos os barcos da flotilha e detiveram todos os activistas a bordo, dos quais a maioria est\u00e1 detida em Ketziot, tamb\u00e9m conhecida como Ansar III, uma pris\u00e3o de alta seguran\u00e7a no deserto do Negev utilizada principalmente para deter prisioneiros palestinianos que Israel acusa de envolvimento em actividades militantes ou terroristas.<\/p>\n<p>A ONG Adalah defende que os direitos dos tripulantes foram \u201csistematicamente violados\u201d e refere que os activistas foram privados de \u00e1gua, saneamento, medicamentos e acesso imediato aos seus representantes legais, \u201cem clara viola\u00e7\u00e3o dos seus direitos fundamentais ao devido processo legal, julgamento imparcial e representa\u00e7\u00e3o legal\u201d.<\/p>\n<p>A equipa jur\u00eddica italiana que representa a flotilha confirmou que os detidos foram deixados \u201cdurante horas sem comida ou \u00e1gua \u2014 at\u00e9 horas tardias na noite\u201d, com excep\u00e7\u00e3o de \u201cum pacote de batatas fritas entregue a Greta e mostrado \u00e0s c\u00e2maras\u201d. Os advogados tamb\u00e9m relataram casos de abuso verbal e f\u00edsico.<\/p>\n<p>Durante uma visita a Ashdod na noite de quinta-feira, o ministro da Seguran\u00e7a Nacional de Israel, de extrema-direita, Itamar Ben-Gvir, foi filmado perto dos activistas enquanto os chamava de \u201cterroristas\u201d.<\/p>\n<p>\u201cEstes s\u00e3o os terroristas da flotilha\u201d, disse, apontando para dezenas de pessoas sentadas no ch\u00e3o. O seu porta-voz confirmou que o v\u00eddeo foi filmado no porto de Ashdod na noite de quinta-feira. Ben-Gvir j\u00e1 tinha apelado ao Governo israelita para que os activistas fossem presos em vez de deportados.<\/p>\n<p>Esta \u00e9 a segunda vez que Thunberg \u00e9 presa por Israel, juntamente com outros membros da flotilha, ap\u00f3s uma<a href=\"https:\/\/www.publico.pt\/2025\/06\/07\/p3\/entrevista\/activista-brasileiro-bordo-madleen-rumo-gaza-humanidade-inteira-fica-divida-palestina-2135908\" rel=\"nofollow noopener\" target=\"_blank\"> tentativa semelhante no in\u00edcio deste ano<\/a> ter terminado com a pris\u00e3o e deporta\u00e7\u00e3o dos activistas.<\/p>\n<p>Baptiste Andr\u00e9, um m\u00e9dico franc\u00eas que estava num dos barcos da flotilha em Junho, disse a jornalistas franceses que testemunhou agentes de fronteira israelitas a tro\u00e7ar dos detidos e a privar deliberadamente os passageiros de sono, em particular Thunberg.<\/p>\n<p>O representante do minist\u00e9rio sueco disse no email que as autoridades israelitas solicitaram a Thunberg que assinasse um documento, mas que esta expressou incerteza acerca do significado do texto e n\u00e3o quis assinar nada que n\u00e3o entendesse. Foi-lhe ent\u00e3o fornecido aconselhamento jur\u00eddico.<\/p>\n<p>A Adalah afirma que, embora as autoridades israelitas tenham um hist\u00f3rico de participantes recorrentes em <a href=\"https:\/\/www.publico.pt\/2025\/10\/04\/mundo\/noticia\/flotilha-ajuda-humanitaria-gaza-usou-camaras-dados-ganhar-atencao-global-2149596?ref=medio-oriente&amp;cx=page__content\" rel=\"nofollow noopener\" target=\"_blank\">flotilhas de ajuda humanit\u00e1ria<\/a>, activistas como Thunberg s\u00e3o geralmente tratados da mesma forma que pessoas que viajam pela primeira vez \u2014 ou seja, sujeitos a uma deten\u00e7\u00e3o de curto prazo e a deporta\u00e7\u00e3o.<\/p>\n<p>O The Guardian diz que contactou o Servi\u00e7o Prisional de Israel, as For\u00e7as de Defesa de Israel (IDF) e o Minist\u00e9rio das Rela\u00e7\u00f5es Exteriores de Israel, mas nenhum deles respondeu a um pedido de coment\u00e1rio.<\/p>\n","protected":false},"excerpt":{"rendered":"A activista Greta Thunberg disse \u00e0s autoridades suecas que est\u00e1 a ser submetida a tratamento severo sob cust\u00f3dia&hellip;\n","protected":false},"author":2,"featured_media":98819,"comment_status":"","ping_status":"","sticky":false,"template":"","format":"standard","meta":{"footnotes":""},"categories":[8],"tags":[27,28,3026,353,257,15,16,532,14,259,25,26,21,22,432,62,12,13,19,20,431,32,23,24,33,17,18,29,30,31],"class_list":{"0":"post-98818","1":"post","2":"type-post","3":"status-publish","4":"format-standard","5":"has-post-thumbnail","7":"category-principais-noticias","8":"tag-breaking-news","9":"tag-breakingnews","10":"tag-direitos-humanos","11":"tag-em-destaque","12":"tag-faixa-de-gaza","13":"tag-featured-news","14":"tag-featurednews","15":"tag-gaza","16":"tag-headlines","17":"tag-israel","18":"tag-latest-news","19":"tag-latestnews","20":"tag-main-news","21":"tag-mainnews","22":"tag-medio-oriente","23":"tag-mundo","24":"tag-news","25":"tag-noticias","26":"tag-noticias-principais","27":"tag-noticiasprincipais","28":"tag-palestina","29":"tag-portugal","30":"tag-principais-noticias","31":"tag-principaisnoticias","32":"tag-pt","33":"tag-top-stories","34":"tag-topstories","35":"tag-ultimas","36":"tag-ultimas-noticias","37":"tag-ultimasnoticias"},"share_on_mastodon":{"url":"","error":""},"_links":{"self":[{"href":"https:\/\/www.europesays.com\/pt\/wp-json\/wp\/v2\/posts\/98818","targetHints":{"allow":["GET"]}}],"collection":[{"href":"https:\/\/www.europesays.com\/pt\/wp-json\/wp\/v2\/posts"}],"about":[{"href":"https:\/\/www.europesays.com\/pt\/wp-json\/wp\/v2\/types\/post"}],"author":[{"embeddable":true,"href":"https:\/\/www.europesays.com\/pt\/wp-json\/wp\/v2\/users\/2"}],"replies":[{"embeddable":true,"href":"https:\/\/www.europesays.com\/pt\/wp-json\/wp\/v2\/comments?post=98818"}],"version-history":[{"count":0,"href":"https:\/\/www.europesays.com\/pt\/wp-json\/wp\/v2\/posts\/98818\/revisions"}],"wp:featuredmedia":[{"embeddable":true,"href":"https:\/\/www.europesays.com\/pt\/wp-json\/wp\/v2\/media\/98819"}],"wp:attachment":[{"href":"https:\/\/www.europesays.com\/pt\/wp-json\/wp\/v2\/media?parent=98818"}],"wp:term":[{"taxonomy":"category","embeddable":true,"href":"https:\/\/www.europesays.com\/pt\/wp-json\/wp\/v2\/categories?post=98818"},{"taxonomy":"post_tag","embeddable":true,"href":"https:\/\/www.europesays.com\/pt\/wp-json\/wp\/v2\/tags?post=98818"}],"curies":[{"name":"wp","href":"https:\/\/api.w.org\/{rel}","templated":true}]}}