{"id":98826,"date":"2025-10-05T14:12:01","date_gmt":"2025-10-05T14:12:01","guid":{"rendered":"https:\/\/www.europesays.com\/pt\/98826\/"},"modified":"2025-10-05T14:12:01","modified_gmt":"2025-10-05T14:12:01","slug":"frota-da-hf-custou-565-milhoes-num-ano","status":"publish","type":"post","link":"https:\/\/www.europesays.com\/pt\/98826\/","title":{"rendered":"Frota da HF custou 5,65 milh\u00f5es num ano"},"content":{"rendered":"\n<p class=\"p_0\">A Hor\u00e1rios do Funchal investiu, em 2024, um valor recorde de 5,65 milh\u00f5es de euros na gest\u00e3o e opera\u00e7\u00e3o da sua rede de autocarros. S\u00f3 os custos com a manuten\u00e7\u00e3o, a cargo de 71 colaboradores, ultrapassaram os 1,69 milh\u00f5es, um aumento de 16,8% face ao ano anterior.<\/p>\n<p class=\"p_1\">O tema faz a machete de hoje do JM j\u00e1 dispon\u00edvel nas bancas.<\/p>\n<p class=\"p_2\">Por outro lado, no Perdidos e Achados de hoje, fomos \u00e0 procura do Aqu\u00e1rio do Porto Moniz. Entre muralhas do s\u00e9culo XVIII, o Aqu\u00e1rio do Porto Moniz guarda um mundo submerso com mais de 90 esp\u00e9cies marinhas aut\u00f3ctones, num espa\u00e7o onde a hist\u00f3ria se cruza com a biodiversidade.<\/p>\n<p class=\"p_3\">Nesta edi\u00e7\u00e3o, que traz o suplemento \u201cComes e Bebes\u201d, \u00e9 ainda poss\u00edvel ler que Marco Lisboa, diretor do resort de 5 estrelas \u2018The Navigator \u2013 Colombus\u2019, no Porto Santo, pede um refor\u00e7o de voos para a ilha e antecipa ao JM novas oportunidades na Regi\u00e3o.<\/p>\n<p class=\"p_4\">\u201cC\u00e2mara de Lobos mostra trabalho em fim de ciclo\u201d; \u201cFerido grave recusa transporte a\u00e9reo ap\u00f3s longa espera\u201d; \u201cEchoo Nature Fest promete experi\u00eancias \u00fanicas no Ch\u00e3o das Feiteiras\u201d; e \u201cTradi\u00e7\u00e3o artesanal resiste com paix\u00e3o e sem apoios\u201d comp\u00f5em as restantes chamadas da Primeira de hoje.<\/p>\n","protected":false},"excerpt":{"rendered":"A Hor\u00e1rios do Funchal investiu, em 2024, um valor recorde de 5,65 milh\u00f5es de euros na gest\u00e3o e&hellip;\n","protected":false},"author":2,"featured_media":98827,"comment_status":"","ping_status":"","sticky":false,"template":"","format":"standard","meta":{"footnotes":""},"categories":[10],"tags":[20639,27,28,15,16,14,25,26,21,22,12,13,19,20,32,23,24,33,17,18,29,30,31],"class_list":{"0":"post-98826","1":"post","2":"type-post","3":"status-publish","4":"format-standard","5":"has-post-thumbnail","7":"category-portugal","8":"tag-alberto-pita","9":"tag-breaking-news","10":"tag-breakingnews","11":"tag-featured-news","12":"tag-featurednews","13":"tag-headlines","14":"tag-latest-news","15":"tag-latestnews","16":"tag-main-news","17":"tag-mainnews","18":"tag-news","19":"tag-noticias","20":"tag-noticias-principais","21":"tag-noticiasprincipais","22":"tag-portugal","23":"tag-principais-noticias","24":"tag-principaisnoticias","25":"tag-pt","26":"tag-top-stories","27":"tag-topstories","28":"tag-ultimas","29":"tag-ultimas-noticias","30":"tag-ultimasnoticias"},"share_on_mastodon":{"url":"","error":""},"_links":{"self":[{"href":"https:\/\/www.europesays.com\/pt\/wp-json\/wp\/v2\/posts\/98826","targetHints":{"allow":["GET"]}}],"collection":[{"href":"https:\/\/www.europesays.com\/pt\/wp-json\/wp\/v2\/posts"}],"about":[{"href":"https:\/\/www.europesays.com\/pt\/wp-json\/wp\/v2\/types\/post"}],"author":[{"embeddable":true,"href":"https:\/\/www.europesays.com\/pt\/wp-json\/wp\/v2\/users\/2"}],"replies":[{"embeddable":true,"href":"https:\/\/www.europesays.com\/pt\/wp-json\/wp\/v2\/comments?post=98826"}],"version-history":[{"count":0,"href":"https:\/\/www.europesays.com\/pt\/wp-json\/wp\/v2\/posts\/98826\/revisions"}],"wp:featuredmedia":[{"embeddable":true,"href":"https:\/\/www.europesays.com\/pt\/wp-json\/wp\/v2\/media\/98827"}],"wp:attachment":[{"href":"https:\/\/www.europesays.com\/pt\/wp-json\/wp\/v2\/media?parent=98826"}],"wp:term":[{"taxonomy":"category","embeddable":true,"href":"https:\/\/www.europesays.com\/pt\/wp-json\/wp\/v2\/categories?post=98826"},{"taxonomy":"post_tag","embeddable":true,"href":"https:\/\/www.europesays.com\/pt\/wp-json\/wp\/v2\/tags?post=98826"}],"curies":[{"name":"wp","href":"https:\/\/api.w.org\/{rel}","templated":true}]}}