{"id":98834,"date":"2025-10-05T14:31:23","date_gmt":"2025-10-05T14:31:23","guid":{"rendered":"https:\/\/www.europesays.com\/pt\/98834\/"},"modified":"2025-10-05T14:31:23","modified_gmt":"2025-10-05T14:31:23","slug":"carlos-moedas-uma-nao-campanha-indiferente-as-sondagens-alarmantes-observador","status":"publish","type":"post","link":"https:\/\/www.europesays.com\/pt\/98834\/","title":{"rendered":"Carlos Moedas. Uma n\u00e3o-campanha indiferente \u00e0s sondagens alarmantes &#8211; Observador"},"content":{"rendered":"<ol>\n<li><a href=\"https:\/\/news.google.com\/rss\/articles\/CBMioAFBVV95cUxOVWtDNjBLb3VvX291c25QRzFIRXNjV1l0N25GZldCMXhUc29aLXpKVUVzaE5WMHBULTRmcXA0clBJLWVqYThOb196Z3Y0RHM2RDNJel8yeEltN3RDek9PeXM2Ujc0Z2ZaMzRLVGNPYmppNldXN0pyRTdiZ2RHTU9oLVpDeXV2UUM2MzlhbWdlbkk2WXIzMjN0VGtSRmx4b3NI?oc=5\" target=\"_blank\" rel=\"nofollow noopener\">Carlos Moedas. Uma n\u00e3o-campanha indiferente \u00e0s sondagens alarmantes<\/a>&nbsp;&nbsp;Observador<\/li>\n<li><a href=\"https:\/\/news.google.com\/rss\/articles\/CBMisAFBVV95cUxQdE1CQ3Y4aC1DYUczQUNwUDdYMG5raXBieGJuUHpSeWNrYks3VVhxTGZuWndjQ2JmVUlibFZ0QktlWk1kRVZxalVmb0tkTEdzWkF2Y2ZBcGV1R0JVSzA3TTJJWHVqcHZYa2haeTM5TUVXWWctN1hmT3RIdWluenpfLW5uTUdFVkdiZk5JV0RoWTlyVGtwdXhMUjg2dG1vOS1fN1ZrNWd4S1VQTXNBcFVFVw?oc=5\" target=\"_blank\" rel=\"nofollow noopener\">Aut\u00e1rquicas Lisboa: Moedas em Alvalade, Chega desce a Morais Soares<\/a>&nbsp;&nbsp;RTP<\/li>\n<li><a href=\"https:\/\/news.google.com\/rss\/articles\/CBMilAFBVV95cUxQU0RoVXc5V3NSa2d0SklRdm5wWFJoNURuMXJVdFl4Sml4NFNfS19ENk16bDgyZlpqa2dxbklISWpxUGNuTmlNMkh5UkZUXzBtX1VxMHVVR21la21Jd1RaNHgzbHdKOXhkLXlma3preXN3WTVvazdZdmp3cktBT2g1SU5mSEJhSndnZzBaYVh6bUpic2hW?oc=5\" target=\"_blank\" rel=\"nofollow noopener\">Lisboa. Bruno Mascarenhas promete reduzir tarifas da EMEL<\/a>&nbsp;&nbsp;Observador<\/li>\n<li><a href=\"https:\/\/news.google.com\/rss\/articles\/CBMi0AFBVV95cUxPNTFPeDRBMWp1T1pIOTRFQ2Nha284TFRiMTAzMjVMaWdfaDNVZE52cG05OXd0OTFvZGtEXzFiNlgwV1pRTnlYbC15NXZaUXl3dEVERnJsbEVsdXQxNzFhc0FEQ2V5SzZlODN0R1NPamE5UENFM1hzN01MSk1UZkFDY3RtVjN4MWllMHc3bTRuWXp0bWtmY0NrYnMyc1hkZDRudE1LSTBUekRVaDJoRHBWWVlGSnphMnd2SlFZUWZsejV4TF9RdFJtLXVPbktRZUR4?oc=5\" target=\"_blank\" rel=\"nofollow noopener\">Carlos Moedas: \u201cQuem promete aos lisboetas que vai construir 4500 casas em quatro anos n\u00e3o sabe o que isso \u00e9&#8221;<\/a>&nbsp;&nbsp;Di\u00e1rio de Not\u00edcias<\/li>\n<li><a href=\"https:\/\/news.google.com\/rss\/articles\/CBMiswFBVV95cUxQOUZ1ZUZxN1dKc0lKUHVFcDVOeUV1emdkVGhndHhpSnlEOFhoYW5RRzdNaW9sZFo3aXVoRGotRlJLYUFjVXctZlU4dXR2SWZqaWFaLXVlM2NPMUhoU2JnbTR5S2REWHVlQ2MyMHJaZUNzWDliUDJ0MnE1WTJHN3JGUm02V2RQeDcwcVRPUGN0VzVEcFBlN3V1dnc0V1BxY1BqMUtoekk3TjN2R0dqanp3UGktSQ?oc=5\" target=\"_blank\" rel=\"nofollow noopener\">&#8220;Fantasmas, medos e teorias de conspira\u00e7\u00e3o n\u00e3o resolvem problemas&#8221;<\/a>&nbsp;&nbsp;Not\u00edcias ao Minuto<\/li>\n<\/ol>\n","protected":false},"excerpt":{"rendered":"Carlos Moedas. Uma n\u00e3o-campanha indiferente \u00e0s sondagens alarmantes&nbsp;&nbsp;Observador Aut\u00e1rquicas Lisboa: Moedas em Alvalade, Chega desce a Morais Soares&nbsp;&nbsp;RTP&hellip;\n","protected":false},"author":2,"featured_media":98835,"comment_status":"","ping_status":"","sticky":false,"template":"","format":"standard","meta":{"footnotes":""},"categories":[10],"tags":[2163,27,28,3766,4580,1077,15,16,14,4578,25,26,21,22,12,13,19,20,57,302,32,23,24,4579,33,58,17,18,29,30,31],"class_list":{"0":"post-98834","1":"post","2":"type-post","3":"status-publish","4":"format-standard","5":"has-post-thumbnail","7":"category-portugal","8":"tag-autu00e1rquicas-2025","9":"tag-breaking-news","10":"tag-breakingnews","11":"tag-carlos-moedas","12":"tag-cds-pp","13":"tag-eleiu00e7u00f5es","14":"tag-featured-news","15":"tag-featurednews","16":"tag-headlines","17":"tag-iniciativa-liberal","18":"tag-latest-news","19":"tag-latestnews","20":"tag-main-news","21":"tag-mainnews","22":"tag-news","23":"tag-noticias","24":"tag-noticias-principais","25":"tag-noticiasprincipais","26":"tag-pau00eds","27":"tag-polu00edtica","28":"tag-portugal","29":"tag-principais-noticias","30":"tag-principaisnoticias","31":"tag-psd","32":"tag-pt","33":"tag-sociedade","34":"tag-top-stories","35":"tag-topstories","36":"tag-ultimas","37":"tag-ultimas-noticias","38":"tag-ultimasnoticias"},"share_on_mastodon":{"url":"","error":""},"_links":{"self":[{"href":"https:\/\/www.europesays.com\/pt\/wp-json\/wp\/v2\/posts\/98834","targetHints":{"allow":["GET"]}}],"collection":[{"href":"https:\/\/www.europesays.com\/pt\/wp-json\/wp\/v2\/posts"}],"about":[{"href":"https:\/\/www.europesays.com\/pt\/wp-json\/wp\/v2\/types\/post"}],"author":[{"embeddable":true,"href":"https:\/\/www.europesays.com\/pt\/wp-json\/wp\/v2\/users\/2"}],"replies":[{"embeddable":true,"href":"https:\/\/www.europesays.com\/pt\/wp-json\/wp\/v2\/comments?post=98834"}],"version-history":[{"count":0,"href":"https:\/\/www.europesays.com\/pt\/wp-json\/wp\/v2\/posts\/98834\/revisions"}],"wp:featuredmedia":[{"embeddable":true,"href":"https:\/\/www.europesays.com\/pt\/wp-json\/wp\/v2\/media\/98835"}],"wp:attachment":[{"href":"https:\/\/www.europesays.com\/pt\/wp-json\/wp\/v2\/media?parent=98834"}],"wp:term":[{"taxonomy":"category","embeddable":true,"href":"https:\/\/www.europesays.com\/pt\/wp-json\/wp\/v2\/categories?post=98834"},{"taxonomy":"post_tag","embeddable":true,"href":"https:\/\/www.europesays.com\/pt\/wp-json\/wp\/v2\/tags?post=98834"}],"curies":[{"name":"wp","href":"https:\/\/api.w.org\/{rel}","templated":true}]}}