{"id":98836,"date":"2025-10-05T14:32:31","date_gmt":"2025-10-05T14:32:31","guid":{"rendered":"https:\/\/www.europesays.com\/pt\/98836\/"},"modified":"2025-10-05T14:32:31","modified_gmt":"2025-10-05T14:32:31","slug":"virose-no-benfica-todos-os-jogadores-podem-estar-no-treino-de-sabado","status":"publish","type":"post","link":"https:\/\/www.europesays.com\/pt\/98836\/","title":{"rendered":"Virose no Benfica: todos os jogadores podem estar no treino de s\u00e1bado"},"content":{"rendered":"<p>O pior j\u00e1 ter\u00e1 passado para os jogadores e elementos da equipa t\u00e9cnica do Benfica afetados por uma virose.<\/p>\n<p>Se n\u00e3o houver altera\u00e7\u00f5es \u00e0 situa\u00e7\u00e3o cl\u00ednica verificada na noite desta sexta-feira e se n\u00e3o surgirem novos casos da doen\u00e7a, todos os jogadores do plantel estar\u00e3o \u00e0 disposi\u00e7\u00e3o de Jos\u00e9 Mourinho no treino deste s\u00e1bado.<\/p>\n<p>Ainda com os condicionalismos de quem recupera da virose, o treinador vai poder preparar o desafio com o FC Porto com todos os atletas (exceto os lesionados), o que n\u00e3o aconteceu nesta sexta-feira.<\/p>\n<p>Conforme previsto, Jos\u00e9 Mourinho vai antecipar o jogo com os drag\u00f5es na confer\u00eancia de imprensa que ter\u00e1 lugar este s\u00e1bado, pelas 15 horas, no Est\u00e1dio da Luz, em Lisboa.<\/p>\n<p>Para o jogo da oitava jornada da Liga, baixas certas s\u00e3o Alexander Bah, Manu Silva, Bruma e Nuno F\u00e9lix, devido a les\u00f5es.<\/p>\n<p><strong>J\u00e1 segue o\u00a0<a href=\"http:\/\/whatsapp.com\/channel\/0029Va9lGKPGOj9nW79Pd117\" title=\"http:\/\/whatsapp.com\/channel\/0029Va9lGKPGOj9nW79Pd117\" rel=\"nofollow noopener\" target=\"_blank\">canal de Whatsapp do Maisfutebol<\/a>?<\/strong><\/p>\n","protected":false},"excerpt":{"rendered":"O pior j\u00e1 ter\u00e1 passado para os jogadores e elementos da equipa t\u00e9cnica do Benfica afetados por uma&hellip;\n","protected":false},"author":2,"featured_media":98837,"comment_status":"","ping_status":"","sticky":false,"template":"","format":"standard","meta":{"footnotes":""},"categories":[8],"tags":[51,27,28,15,16,14,1385,25,26,36,21,22,46,12,13,19,20,32,23,24,33,47,17,18,29,30,31,4606,24226],"class_list":{"0":"post-98836","1":"post","2":"type-post","3":"status-publish","4":"format-standard","5":"has-post-thumbnail","7":"category-principais-noticias","8":"tag-benfica","9":"tag-breaking-news","10":"tag-breakingnews","11":"tag-featured-news","12":"tag-featurednews","13":"tag-headlines","14":"tag-jose-mourinho","15":"tag-latest-news","16":"tag-latestnews","17":"tag-liga","18":"tag-main-news","19":"tag-mainnews","20":"tag-maisfutebol","21":"tag-news","22":"tag-noticias","23":"tag-noticias-principais","24":"tag-noticiasprincipais","25":"tag-portugal","26":"tag-principais-noticias","27":"tag-principaisnoticias","28":"tag-pt","29":"tag-pura-paixao","30":"tag-top-stories","31":"tag-topstories","32":"tag-ultimas","33":"tag-ultimas-noticias","34":"tag-ultimasnoticias","35":"tag-virose","36":"tag-virose-benfica"},"share_on_mastodon":{"url":"","error":""},"_links":{"self":[{"href":"https:\/\/www.europesays.com\/pt\/wp-json\/wp\/v2\/posts\/98836","targetHints":{"allow":["GET"]}}],"collection":[{"href":"https:\/\/www.europesays.com\/pt\/wp-json\/wp\/v2\/posts"}],"about":[{"href":"https:\/\/www.europesays.com\/pt\/wp-json\/wp\/v2\/types\/post"}],"author":[{"embeddable":true,"href":"https:\/\/www.europesays.com\/pt\/wp-json\/wp\/v2\/users\/2"}],"replies":[{"embeddable":true,"href":"https:\/\/www.europesays.com\/pt\/wp-json\/wp\/v2\/comments?post=98836"}],"version-history":[{"count":0,"href":"https:\/\/www.europesays.com\/pt\/wp-json\/wp\/v2\/posts\/98836\/revisions"}],"wp:featuredmedia":[{"embeddable":true,"href":"https:\/\/www.europesays.com\/pt\/wp-json\/wp\/v2\/media\/98837"}],"wp:attachment":[{"href":"https:\/\/www.europesays.com\/pt\/wp-json\/wp\/v2\/media?parent=98836"}],"wp:term":[{"taxonomy":"category","embeddable":true,"href":"https:\/\/www.europesays.com\/pt\/wp-json\/wp\/v2\/categories?post=98836"},{"taxonomy":"post_tag","embeddable":true,"href":"https:\/\/www.europesays.com\/pt\/wp-json\/wp\/v2\/tags?post=98836"}],"curies":[{"name":"wp","href":"https:\/\/api.w.org\/{rel}","templated":true}]}}