{"id":98838,"date":"2025-10-05T14:38:07","date_gmt":"2025-10-05T14:38:07","guid":{"rendered":"https:\/\/www.europesays.com\/pt\/98838\/"},"modified":"2025-10-05T14:38:07","modified_gmt":"2025-10-05T14:38:07","slug":"conheca-mark-kerr-lenda-do-mma-vivida-por-the-rock-em-coracao-de-lutador","status":"publish","type":"post","link":"https:\/\/www.europesays.com\/pt\/98838\/","title":{"rendered":"Conhe\u00e7a Mark Kerr, lenda do MMA vivida por The Rock em &#8220;Cora\u00e7\u00e3o de Lutador&#8221;"},"content":{"rendered":"<p class=\"my-5 break-words group-[.isActiveSource]:text-xl\">Um dos filmes mais aguardados da temporada de premia\u00e7\u00f5es chega aos cinemas brasileiros nesta quinta-feira (2). Cora\u00e7\u00e3o de Lutador &#8211; The Smashing Machine, inclusive, deu\u00a0o <a href=\"https:\/\/www.cnnbrasil.com.br\/entretenimento\/festival-de-veneza-conheca-os-filmes-vencedores-em-cada-categoria\/\" class=\"text-red-600 underline hover:text-red-500 font-medium break-words group-[.isActiveSource]:text-xl\" target=\"_self\" rel=\"nofollow noopener\">Le\u00e3o de Prata de Melhor Dire\u00e7\u00e3o no Festival de Veneza<\/a> a Benny Safdie.<\/p>\n<p class=\"my-5 break-words group-[.isActiveSource]:text-xl\">O longa, protagonizado por Dwayne &#8220;The Rock&#8221; Johnson, conta a hist\u00f3ria do<strong class=\"group-[.isActiveSource]:text-xl group-[.isActiveSource]:font-bold\"> lutador Mark Kerr<\/strong>. Nascido em Toledo, em Ohio, nos Estados Unidos, em 21 de dezembro de 1968, o americano foi um dos primeiros grandes nomes na origem do <a href=\"https:\/\/www.cnnbrasil.com.br\/esportes\/lutas\/poatan-diz-em-qual-condicao-lutou-quando-perdeu-cinturao-do-ufc-nem-50\/\" class=\"text-red-600 underline hover:text-red-500 font-medium break-words group-[.isActiveSource]:text-xl\" target=\"_self\" rel=\"nofollow noopener\">MMA<\/a>, l\u00e1 nos anos 1990.<\/p>\n<p class=\"my-5 break-words group-[.isActiveSource]:text-xl\">Naqueles primeiros momentos de artes marciais mistas, o <a href=\"https:\/\/www.cnnbrasil.com.br\/esportes\/lutas\/conor-mcgregor-quer-lutar-pelo-ufc-na-casa-branca-e-pede-cache-inusitado\/\" class=\"text-red-600 underline hover:text-red-500 font-medium break-words group-[.isActiveSource]:text-xl\" target=\"_self\" rel=\"nofollow noopener\">UFC<\/a> disputava espa\u00e7o com o japon\u00eas Pride, do qual Kerr foi bicampe\u00e3o, em 1997 e 2000. Cria do wrestling, Kerr, com importante carreira universit\u00e1ria pela Syracuse University, usava e abusava do ground and pound, al\u00e9m de ter boas habilidades de troca\u00e7\u00e3o.<\/p>\n<p class=\"my-5 break-words group-[.isActiveSource]:text-xl\">No <a href=\"https:\/\/www.cnnbrasil.com.br\/esportes\/lutas\/charles-do-bronx-anuncia-novo-adversario-no-ufc-rio-saiba-detalhes\/\" class=\"text-red-600 underline hover:text-red-500 font-medium break-words group-[.isActiveSource]:text-xl\" target=\"_self\" rel=\"nofollow noopener\">UFC<\/a>, foi bicampe\u00e3o dos torneios peso-pesados nas edi\u00e7\u00f5es 14 e 15, ambas nos Estados Unidos, no segundo semestre de 1997. A t\u00edtulo de curiosidade, apenas Royce Gracie, Mark Coleman, Dan Severn e Don Frye conseguiram vencer ao menos dois torneios do UFC.<\/p>\n<p class=\"my-5 break-words group-[.isActiveSource]:text-xl\">Outra prova da import\u00e2ncia dele para a organiza\u00e7\u00e3o foi a introdu\u00e7\u00e3o ao Hall da Fama do <a href=\"https:\/\/www.cnnbrasil.com.br\/esportes\/lutas\/ufc-rio-fiziev-se-lesiona-e-esta-fora-de-luta-contra-charles-do-bronxs\/\" class=\"text-red-600 underline hover:text-red-500 font-medium break-words group-[.isActiveSource]:text-xl\" target=\"_self\" rel=\"nofollow noopener\">UFC<\/a>, em junho deste ano, como um pioneiro. A distin\u00e7\u00e3o pode ser oferecida apenas a lutadores que se profissionalizaram at\u00e9 17 de novembro de 2000, quando passaram a ser usadas as regras unificadas do MMA.<\/p>\n<p class=\"my-5 break-words group-[.isActiveSource]:text-xl\">Ao longo de 12 anos de carreira no <a href=\"https:\/\/www.cnnbrasil.com.br\/esportes\/lutas\/filho-de-campeao-do-ufc-e-preso-por-espancar-lutador-inconsciente-assista\/\" class=\"text-red-600 underline hover:text-red-500 font-medium break-words group-[.isActiveSource]:text-xl\" target=\"_self\" rel=\"nofollow noopener\">UFC<\/a>, foram 15 vit\u00f3rias e 11 derrotas, al\u00e9m de uma luta sem resultado. Kerr estreou profissionalmente em 19 de janeiro de 1997, no World Vale Tudo Championship 3, quando venceu os tr\u00eas advers\u00e1rios ainda no primeiro round para ficar o t\u00edtulo do peso-pesados.<\/p>\n<p class=\"my-5 break-words group-[.isActiveSource]:text-xl\">Os brasileiros Sidney &#8220;Mestre Hulk&#8221; Gon\u00e7alves e F\u00e1bio Gurgel foram dois dos nomes derrotados ao longo da campanha do t\u00edtulo. Foi ainda ap\u00f3s essa conquista que Kerr passou a ser conhecido como The Smashing Machine (M\u00e1quina de Esmagar, em tradu\u00e7\u00e3o livre).<\/p>\n<p class=\"my-5 break-words group-[.isActiveSource]:text-xl\">O filme traz um recorte espec\u00edfico da trajet\u00f3ria de Kerr, entre o final dos anos 1990 e come\u00e7o dos anos 2000, em que, paralelamente aos ringues, vivia dilemas pessoais ao lado da esposa, Dawn Staples.<\/p>\n","protected":false},"excerpt":{"rendered":"Um dos filmes mais aguardados da temporada de premia\u00e7\u00f5es chega aos cinemas brasileiros nesta quinta-feira (2). Cora\u00e7\u00e3o de&hellip;\n","protected":false},"author":2,"featured_media":98839,"comment_status":"","ping_status":"","sticky":false,"template":"","format":"standard","meta":{"footnotes":""},"categories":[140],"tags":[114,115,147,148,146,32,33],"class_list":{"0":"post-98838","1":"post","2":"type-post","3":"status-publish","4":"format-standard","5":"has-post-thumbnail","7":"category-filmes","8":"tag-entertainment","9":"tag-entretenimento","10":"tag-film","11":"tag-filmes","12":"tag-movies","13":"tag-portugal","14":"tag-pt"},"share_on_mastodon":{"url":"","error":""},"_links":{"self":[{"href":"https:\/\/www.europesays.com\/pt\/wp-json\/wp\/v2\/posts\/98838","targetHints":{"allow":["GET"]}}],"collection":[{"href":"https:\/\/www.europesays.com\/pt\/wp-json\/wp\/v2\/posts"}],"about":[{"href":"https:\/\/www.europesays.com\/pt\/wp-json\/wp\/v2\/types\/post"}],"author":[{"embeddable":true,"href":"https:\/\/www.europesays.com\/pt\/wp-json\/wp\/v2\/users\/2"}],"replies":[{"embeddable":true,"href":"https:\/\/www.europesays.com\/pt\/wp-json\/wp\/v2\/comments?post=98838"}],"version-history":[{"count":0,"href":"https:\/\/www.europesays.com\/pt\/wp-json\/wp\/v2\/posts\/98838\/revisions"}],"wp:featuredmedia":[{"embeddable":true,"href":"https:\/\/www.europesays.com\/pt\/wp-json\/wp\/v2\/media\/98839"}],"wp:attachment":[{"href":"https:\/\/www.europesays.com\/pt\/wp-json\/wp\/v2\/media?parent=98838"}],"wp:term":[{"taxonomy":"category","embeddable":true,"href":"https:\/\/www.europesays.com\/pt\/wp-json\/wp\/v2\/categories?post=98838"},{"taxonomy":"post_tag","embeddable":true,"href":"https:\/\/www.europesays.com\/pt\/wp-json\/wp\/v2\/tags?post=98838"}],"curies":[{"name":"wp","href":"https:\/\/api.w.org\/{rel}","templated":true}]}}