{"id":98842,"date":"2025-10-05T14:42:09","date_gmt":"2025-10-05T14:42:09","guid":{"rendered":"https:\/\/www.europesays.com\/pt\/98842\/"},"modified":"2025-10-05T14:42:09","modified_gmt":"2025-10-05T14:42:09","slug":"os-4-maiores-rumores-do-novo-smartphone-da-apple","status":"publish","type":"post","link":"https:\/\/www.europesays.com\/pt\/98842\/","title":{"rendered":"Os 4 maiores rumores do novo smartphone da Apple"},"content":{"rendered":"<p>O aguardado iPhone 17 j\u00e1 chegou aos <a href=\"https:\/\/www.magazine-hd.com\/apps\/wp\/iphone-17-onde-esta-mais-barato-em-portugal\/\" target=\"_blank\" rel=\"noopener nofollow\">mercados internacionais<\/a> e as vendas continuam a subir. No entanto, muitos j\u00e1 esperam pelo pr\u00f3ximo modelo, seja porque preferem esperar at\u00e9 atualizarem o seu smartphone, seja porque s\u00e3o f\u00e3s da <a href=\"https:\/\/www.apple.com\/pt\/iphone-17\/\" target=\"_blank\" rel=\"noopener nofollow\">Apple<\/a> e gostam de experimentar todos os lan\u00e7amentos.<\/p>\n<p>Apesar das confirma\u00e7\u00f5es oficiais da Apple para o seu iPhone 18 serem poucas, existem j\u00e1 rumores partilhados por insiders e entusiastas do que podemos esperar para o pr\u00f3ximo modelo. Claro, conv\u00e9m sempre lembrar que estas especifica\u00e7\u00f5es e caracter\u00edsticas podem mudar.<\/p>\n<p>iPhone 18: Qual a informa\u00e7\u00e3o oficial at\u00e9 agora?<\/p>\n<p>Antes de mergulharmos nas suposi\u00e7\u00f5es, podemos resumir as informa\u00e7\u00f5es oficiais da Apple sobre o lan\u00e7amento do seu iPhone 18. Por exemplo, sabemos que existem planos bem reais para lan\u00e7arem o seu primeiro \u201cdobr\u00e1vel\u201d ou \u201cfoldable\u201d. Isto significa que poder\u00e1s esperar o iPhone 18, 18e, Air, Pro, Pro Max, bem como o Fold.<\/p>\n<p>Relativamente \u00e0s janelas de lan\u00e7amento, os modelos mais caros (Pro, Pro Max, Fold e Air), devem chegar em 2026, enquanto os modelos mais econ\u00f3micos (18 e 18e), s\u00e3o esperados para o ano seguinte.<\/p>\n<p>Quanto ao iPhone 18 Fold, ele dever\u00e1 ter um ecr\u00e3 com cerca de 7.8 polegadas, com uma grossura de 4.5mm quando aberto, e 9mm quando fechado. Al\u00e9m disso, o plano da Apple \u00e9 apresentar um smartphone dobr\u00e1vel sem qualquer marca da dobra.<\/p>\n<p>Quando ser\u00e1 o lan\u00e7amento?<\/p>\n<p>Enquanto os lan\u00e7amentos do iPhone t\u00eam acontecido em setembro, existem rumores de que este pode ser na realidade adiado para o outono, possivelmente com o evento oficial da Apple. J\u00e1 os modelos econ\u00f3micos poder\u00e3o chegar apenas em mar\u00e7o de 2027. Se isto acontecer, ser\u00e1 a primeira vez que o lan\u00e7amento se v\u00ea alterado desde a pandemia.<\/p>\n<p>O design do iPhone 18 dever\u00e1 manter-se igual<\/p>\n<p>Isto n\u00e3o ser\u00e1 uma surpresa muito grande pois os iPhones, bem como outras marcas, tendem a manter o seu design durante alguns anos e o iPhone 17 acaba de apresentar um novo exterior. Aqui a novidade ser\u00e1 mesmo ver o design do iPhone 18 Fold.<\/p>\n<p>Poss\u00edvel introdu\u00e7\u00e3o do Modem C2 da Apple<\/p>\n<p>O <a href=\"https:\/\/www.magazine-hd.com\/apps\/wp\/iphone-16-esta-ainda-mais-barato-amazon\/\" target=\"_blank\" rel=\"noopener nofollow\">iPhone 16e<\/a> introduziu o primeiro modem da Apple, deixando de lado o tradicional Qualcomm. Contudo, al\u00e9m dele, apenas o Air foi escolhido para conter tamb\u00e9m esta tecnologia. Assim, e apesar dos muitos percal\u00e7os, espera-se que os modelos do iPhone 18 abandonem por completo, ou quase completo, o Qualcomm.<\/p>\n<p>A c\u00e2mara do iPhone 18 melhorada<\/p>\n<p>At\u00e9 agora, os modelos standard do iPhone t\u00eam ficado de fora no que toca \u00e0 c\u00e2mara 48MP ultrawide dos restantes modelos. Segundo rumores, \u00e9 poss\u00edvel que isto mude finalmente, trazendo a qualidade de imagem at\u00e9 ao modelo normal. Dito isto, outros experts afirmam que esta otimiza\u00e7\u00e3o ficar\u00e1 dispon\u00edvel apenas na vers\u00e3o 19.<\/p>\n<p>\n        About The Author<\/p>\n<p>                <a href=\"https:\/\/www.magazine-hd.com\/apps\/wp\/author\/acosta\/\" rel=\"nofollow noopener\" target=\"_blank\"><img loading=\"lazy\" decoding=\"async\" width=\"150\" height=\"150\" src=\"data:image\/svg+xml,%3Csvg%20xmlns=\" http:=\"\" class=\"avatar avatar-150 photo\" alt=\"\" data-lazy- data-lazy- data-lazy-src=\"https:\/\/www.europesays.com\/pt\/wp-content\/uploads\/2025\/08\/angela-costa-x-japan-300x298-1-150x150.jpg\"\/><\/a><\/p>\n<p>                    <a href=\"https:\/\/www.magazine-hd.com\/apps\/wp\/author\/acosta\/\" rel=\"nofollow noopener\" target=\"_blank\">\u00c2ngela Costa<\/a><\/p>\n<p>Mestre em Cinema pela Universidade da Beira-Interior, pela qual foi co-autora do trabalho \u201cTeoria do Cinema vs. Teoria dos Cineastas\u201d, apresentado no IV Encontro Anual da AIM de 2014, e autora da disserta\u00e7\u00e3o intitulada \u201cTeoria do Cineasta: O Mundo pelo olhar de Kazuhiro Soda\u201d. \u00c9 tamb\u00e9m especialista de SEO e Marketing de Conte\u00fados. Foi redatora e produtora de conte\u00fado audiovisual para o Club Otaku. Entrou para a MHD em 2016, sendo atualmente partner, diretora operacional e redatora de conte\u00fado. Tem um gosto especial por cinema japon\u00eas, m\u00fasica japonesa e gaming.<\/p>\n<p>\t\t<\/p>\n","protected":false},"excerpt":{"rendered":"O aguardado iPhone 17 j\u00e1 chegou aos mercados internacionais e as vendas continuam a subir. No entanto, muitos&hellip;\n","protected":false},"author":2,"featured_media":94063,"comment_status":"","ping_status":"","sticky":false,"template":"","format":"standard","meta":{"footnotes":""},"categories":[84],"tags":[247,109,107,108,6083,2461,24227,24228,32,33,105,103,104,1007,106,110],"class_list":{"0":"post-98842","1":"post","2":"type-post","3":"status-publish","4":"format-standard","5":"has-post-thumbnail","7":"category-ciencia-e-tecnologia","8":"tag-apple","9":"tag-ciencia","10":"tag-ciencia-e-tecnologia","11":"tag-cienciaetecnologia","12":"tag-dobravel","13":"tag-iphone-17","14":"tag-iphone-18","15":"tag-iphone-fold","16":"tag-portugal","17":"tag-pt","18":"tag-science","19":"tag-science-and-technology","20":"tag-scienceandtechnology","21":"tag-smartphone","22":"tag-technology","23":"tag-tecnologia"},"share_on_mastodon":{"url":"","error":""},"_links":{"self":[{"href":"https:\/\/www.europesays.com\/pt\/wp-json\/wp\/v2\/posts\/98842","targetHints":{"allow":["GET"]}}],"collection":[{"href":"https:\/\/www.europesays.com\/pt\/wp-json\/wp\/v2\/posts"}],"about":[{"href":"https:\/\/www.europesays.com\/pt\/wp-json\/wp\/v2\/types\/post"}],"author":[{"embeddable":true,"href":"https:\/\/www.europesays.com\/pt\/wp-json\/wp\/v2\/users\/2"}],"replies":[{"embeddable":true,"href":"https:\/\/www.europesays.com\/pt\/wp-json\/wp\/v2\/comments?post=98842"}],"version-history":[{"count":0,"href":"https:\/\/www.europesays.com\/pt\/wp-json\/wp\/v2\/posts\/98842\/revisions"}],"wp:featuredmedia":[{"embeddable":true,"href":"https:\/\/www.europesays.com\/pt\/wp-json\/wp\/v2\/media\/94063"}],"wp:attachment":[{"href":"https:\/\/www.europesays.com\/pt\/wp-json\/wp\/v2\/media?parent=98842"}],"wp:term":[{"taxonomy":"category","embeddable":true,"href":"https:\/\/www.europesays.com\/pt\/wp-json\/wp\/v2\/categories?post=98842"},{"taxonomy":"post_tag","embeddable":true,"href":"https:\/\/www.europesays.com\/pt\/wp-json\/wp\/v2\/tags?post=98842"}],"curies":[{"name":"wp","href":"https:\/\/api.w.org\/{rel}","templated":true}]}}