{"id":98843,"date":"2025-10-05T14:43:07","date_gmt":"2025-10-05T14:43:07","guid":{"rendered":"https:\/\/www.europesays.com\/pt\/98843\/"},"modified":"2025-10-05T14:43:07","modified_gmt":"2025-10-05T14:43:07","slug":"combustiveis-voltam-a-descer-amanha","status":"publish","type":"post","link":"https:\/\/www.europesays.com\/pt\/98843\/","title":{"rendered":"Combust\u00edveis voltam a descer amanh\u00e3"},"content":{"rendered":"<p><strong>Acompanhe toda a atualidade informativa em\u00a0<a href=\"http:\/\/24noticias.sapo.pt\/\" rel=\"nofollow noopener\" target=\"_blank\">24noticias.sapo.pt<\/a><\/strong><\/p>\n<p>Os pre\u00e7os dos combust\u00edveis dever\u00e3o baixar j\u00e1 na segunda-feira, segundo as previs\u00f5es divulgadas pelo <a href=\"https:\/\/www.acp.pt\/o-clube\/revista-acp\/atualidade\/detalhe\/preco-dos-combustiveis-na-proxima-semana--6-a-12-de-outubro\" rel=\"nofollow noopener\" target=\"_blank\">Autom\u00f3vel Club de Portugal<\/a> (ACP). A gasolina simples 95 dever\u00e1 ficar meio c\u00eantimo mais barata, enquanto o gas\u00f3leo simples desce dois c\u00eantimos por litro.<\/p>\n<p>De acordo com dados da Dire\u00e7\u00e3o-Geral de Energia e Geologia (DGEG), o pre\u00e7o m\u00e9dio do gas\u00f3leo era de 1,573 euros por litro e o da gasolina de 1,707 euros na sexta-feira. Se as previs\u00f5es se confirmarem, o gas\u00f3leo simples passar\u00e1 a custar cerca de 1,553 euros por litro e a gasolina simples 95 fixar-se-\u00e1 nos 1,702 euros.<\/p>\n<p id=\"s-p-embed-0\" data-start=\"657\" data-end=\"1002\" data-is-last-node=\"\" data-is-only-node=\"\">O ACP recorda que estas estimativas t\u00eam por base a manuten\u00e7\u00e3o das medidas extraordin\u00e1rias de redu\u00e7\u00e3o fiscal aplicadas pelo Governo, que incluem a diminui\u00e7\u00e3o do Imposto sobre Produtos Petrol\u00edferos (ISP) e a compensa\u00e7\u00e3o da receita adicional do IVA.<\/p>\n<p><strong>A sua newsletter de sempre, agora ainda mais \u00fatil<\/strong><\/p>\n<p>Com o lan\u00e7amento da nova marca de informa\u00e7\u00e3o\u00a0<strong>24not\u00edcias<\/strong>, estamos a mudar a plataforma de newsletters, aproveitando para refor\u00e7ar a informa\u00e7\u00e3o que os leitores mais valorizam:\u00a0<strong>a que lhes \u00e9 \u00fatil, ajuda a tomar decis\u00f5es e a entender o mundo<\/strong>.<\/p>\n<p><strong>Assine a nova newsletter do 24not\u00edcias\u00a0<a href=\"https:\/\/sapo.us1.list-manage.com\/subscribe?u=8f49263740b14ab5854be8045&amp;id=57a39c5e8f\" rel=\"nofollow noopener\" target=\"_blank\">aqui<\/a>.<\/strong><\/p>\n","protected":false},"excerpt":{"rendered":"Acompanhe toda a atualidade informativa em\u00a024noticias.sapo.pt Os pre\u00e7os dos combust\u00edveis dever\u00e3o baixar j\u00e1 na segunda-feira, segundo as previs\u00f5es&hellip;\n","protected":false},"author":2,"featured_media":98844,"comment_status":"","ping_status":"","sticky":false,"template":"","format":"standard","meta":{"footnotes":""},"categories":[83],"tags":[88,89,90,32,33],"class_list":{"0":"post-98843","1":"post","2":"type-post","3":"status-publish","4":"format-standard","5":"has-post-thumbnail","7":"category-empresas","8":"tag-business","9":"tag-economy","10":"tag-empresas","11":"tag-portugal","12":"tag-pt"},"share_on_mastodon":{"url":"","error":""},"_links":{"self":[{"href":"https:\/\/www.europesays.com\/pt\/wp-json\/wp\/v2\/posts\/98843","targetHints":{"allow":["GET"]}}],"collection":[{"href":"https:\/\/www.europesays.com\/pt\/wp-json\/wp\/v2\/posts"}],"about":[{"href":"https:\/\/www.europesays.com\/pt\/wp-json\/wp\/v2\/types\/post"}],"author":[{"embeddable":true,"href":"https:\/\/www.europesays.com\/pt\/wp-json\/wp\/v2\/users\/2"}],"replies":[{"embeddable":true,"href":"https:\/\/www.europesays.com\/pt\/wp-json\/wp\/v2\/comments?post=98843"}],"version-history":[{"count":0,"href":"https:\/\/www.europesays.com\/pt\/wp-json\/wp\/v2\/posts\/98843\/revisions"}],"wp:featuredmedia":[{"embeddable":true,"href":"https:\/\/www.europesays.com\/pt\/wp-json\/wp\/v2\/media\/98844"}],"wp:attachment":[{"href":"https:\/\/www.europesays.com\/pt\/wp-json\/wp\/v2\/media?parent=98843"}],"wp:term":[{"taxonomy":"category","embeddable":true,"href":"https:\/\/www.europesays.com\/pt\/wp-json\/wp\/v2\/categories?post=98843"},{"taxonomy":"post_tag","embeddable":true,"href":"https:\/\/www.europesays.com\/pt\/wp-json\/wp\/v2\/tags?post=98843"}],"curies":[{"name":"wp","href":"https:\/\/api.w.org\/{rel}","templated":true}]}}