{"id":98873,"date":"2025-10-05T15:38:16","date_gmt":"2025-10-05T15:38:16","guid":{"rendered":"https:\/\/www.europesays.com\/pt\/98873\/"},"modified":"2025-10-05T15:38:16","modified_gmt":"2025-10-05T15:38:16","slug":"eseuc-organiza-workshop-repensar-as-infeccoes-sexualmente-transmissiveis-campeao-das-provincias","status":"publish","type":"post","link":"https:\/\/www.europesays.com\/pt\/98873\/","title":{"rendered":"ESEUC organiza workshop (Re)pensar as Infec\u00e7\u00f5es Sexualmente Transmiss\u00edveis \u2013 Campe\u00e3o das Prov\u00edncias"},"content":{"rendered":"<p>A Escola Superior de Enfermagem da Universidade de Coimbra (ESEUC)\/Centro Colaborador da Organiza\u00e7\u00e3o Mundial de Sa\u00fade (CCOMS) para a Pr\u00e1tica e Investiga\u00e7\u00e3o em Enfermagem organiza, amanh\u00e3, dia 6, \u00e0 tarde, o workshop online (Re)pensar as Infec\u00e7\u00f5es Sexualmente Transmiss\u00edveis: Conhecimento Actual para a Pr\u00e1tica Cl\u00ednica.<\/p>\n<p>Com sess\u00e3o de abertura \u00e0s 14h30, conduzida pela professora da ESEUC, especialista em Sa\u00fade P\u00fablica, Aliete Cunha-Oliveira, seguem-se cinco comunica\u00e7\u00f5es, trazidas pela directora e por m\u00e9dicos do Servi\u00e7o de Infecciologia da Unidade Local de Sa\u00fade de Coimbra: \u201cVIH, VHB e Infec\u00e7\u00f5es Sexualmente Transmiss\u00edveis: Dados Epidemiol\u00f3gicos\u201d (por Cristina Valente), \u201cInfec\u00e7\u00e3o por VIH e Profilaxia Pr\u00e9-Exposi\u00e7\u00e3o\u201d (por Gon\u00e7alo Cruz), \u201cHepatite B: Abordagem e Vacina\u00e7\u00e3o\u201d (por C\u00e1tia Barra), \u201cHepatite C: Em que Ponto Estamos\u201d (por Ana Saraiva) e \u201cInfec\u00e7\u00f5es Sexualmente Transmiss\u00edveis mais Comuns: Como Gerir\u201d (por Magda Gon\u00e7alves).<\/p>\n<p>Disseminar a mais actualizada evid\u00eancia cient\u00edfica na \u00e1rea das infec\u00e7\u00f5es sexualmente transmiss\u00edveis (IST), partilhando experi\u00eancias cl\u00ednicas e projectos de interven\u00e7\u00e3o e investiga\u00e7\u00e3o neste \u00e2mbito, al\u00e9m de promover networking (manter rela\u00e7\u00f5es e contactos para fins profissionais) entre os cuidados de sa\u00fade prim\u00e1rios e hospitalares, s\u00e3o objectivos desta iniciativa.<\/p>\n<p>De acordo com a comiss\u00e3o organizadora do workshop, \u201cas estrat\u00e9gias globais do sector da sa\u00fade para 2022-2030, relativas \u00e0s IST e \u00e0s hepatites virais, prev\u00eaem a implementa\u00e7\u00e3o de respostas orientadas para a elimina\u00e7\u00e3o destas patologias at\u00e9 2030\u201d.<\/p>\n<p>Segundo os promotores desta oficina, sustentados em orienta\u00e7\u00f5es da Organiza\u00e7\u00e3o Mundial de Sa\u00fade, \u201ccompete a cada pa\u00eds identificar as popula\u00e7\u00f5es mais afectadas e em maior risco, assumindo o compromisso com ac\u00e7\u00f5es que respondam \u00e0s necessidades dos contextos epidemiol\u00f3gicos e dos sistemas de sa\u00fade locais\u00bb. E essas medidas \u00abdevem respeitar os direitos humanos fundamentais, assegurando o acesso equitativo aos cuidados de sa\u00fade e promovendo pr\u00e1ticas baseadas na evid\u00eancia cient\u00edfica\u201d.<\/p>\n<p>\u00a0<\/p>\n","protected":false},"excerpt":{"rendered":"A Escola Superior de Enfermagem da Universidade de Coimbra (ESEUC)\/Centro Colaborador da Organiza\u00e7\u00e3o Mundial de Sa\u00fade (CCOMS) para&hellip;\n","protected":false},"author":2,"featured_media":98874,"comment_status":"","ping_status":"","sticky":false,"template":"","format":"standard","meta":{"footnotes":""},"categories":[86],"tags":[260,15620,1911,315,135,90,116,834,13,52,32,33,117,58],"class_list":{"0":"post-98873","1":"post","2":"type-post","3":"status-publish","4":"format-standard","5":"has-post-thumbnail","7":"category-saude","8":"tag-atualidade","9":"tag-campeao-das-provincias","10":"tag-coimbra","11":"tag-cultura","12":"tag-desporto","13":"tag-empresas","14":"tag-health","15":"tag-negocios","16":"tag-noticias","17":"tag-politica","18":"tag-portugal","19":"tag-pt","20":"tag-saude","21":"tag-sociedade"},"share_on_mastodon":{"url":"","error":""},"_links":{"self":[{"href":"https:\/\/www.europesays.com\/pt\/wp-json\/wp\/v2\/posts\/98873","targetHints":{"allow":["GET"]}}],"collection":[{"href":"https:\/\/www.europesays.com\/pt\/wp-json\/wp\/v2\/posts"}],"about":[{"href":"https:\/\/www.europesays.com\/pt\/wp-json\/wp\/v2\/types\/post"}],"author":[{"embeddable":true,"href":"https:\/\/www.europesays.com\/pt\/wp-json\/wp\/v2\/users\/2"}],"replies":[{"embeddable":true,"href":"https:\/\/www.europesays.com\/pt\/wp-json\/wp\/v2\/comments?post=98873"}],"version-history":[{"count":0,"href":"https:\/\/www.europesays.com\/pt\/wp-json\/wp\/v2\/posts\/98873\/revisions"}],"wp:featuredmedia":[{"embeddable":true,"href":"https:\/\/www.europesays.com\/pt\/wp-json\/wp\/v2\/media\/98874"}],"wp:attachment":[{"href":"https:\/\/www.europesays.com\/pt\/wp-json\/wp\/v2\/media?parent=98873"}],"wp:term":[{"taxonomy":"category","embeddable":true,"href":"https:\/\/www.europesays.com\/pt\/wp-json\/wp\/v2\/categories?post=98873"},{"taxonomy":"post_tag","embeddable":true,"href":"https:\/\/www.europesays.com\/pt\/wp-json\/wp\/v2\/tags?post=98873"}],"curies":[{"name":"wp","href":"https:\/\/api.w.org\/{rel}","templated":true}]}}