{"id":98894,"date":"2025-10-05T16:29:11","date_gmt":"2025-10-05T16:29:11","guid":{"rendered":"https:\/\/www.europesays.com\/pt\/98894\/"},"modified":"2025-10-05T16:29:11","modified_gmt":"2025-10-05T16:29:11","slug":"venda-de-livros-cresce-mais-de-7-em-setembro-em-relacao-a-2024","status":"publish","type":"post","link":"https:\/\/www.europesays.com\/pt\/98894\/","title":{"rendered":"Venda de livros cresce mais de 7% em setembro em rela\u00e7\u00e3o a 2024"},"content":{"rendered":"<p>Bons ventos no varejo de livros no Brasil. De acordo com o relat\u00f3rio Painel do Varejo de Livros, realizado mensalmente pelo Sindicato Nacional dos Editores de Livros (SNEL) e pela Nielsen, as vendas de livros por varejistas brasileiras cresceram entre 2024 e 2025, gra\u00e7as \u00e0 performance dos livros de fic\u00e7\u00e3o, infantojuvenis e de colorir.<\/p>\n<p>Em setembro, os estabelecimentos monitorados pela Nielsen venderam 3,8 milh\u00f5es de exemplares, o que representa aumento de 8,95% em rela\u00e7\u00e3o ao mesmo per\u00edodo do ano passado. O faturamento saltou de R$ 178,2 milh\u00f5es para R$ 197,5 milh\u00f5es, aumento de 10,84%.<\/p>\n<p>Veja Tamb\u00e9m <\/p>\n<p>O setor vem em uma boa mar\u00e9 desde 2024, quando encerrou o ano com crescimento de 8,43% no faturamento, acima, portanto da infla\u00e7\u00e3o. Isso deve se repetir em 2025, j\u00e1 que o Painel mostrou n\u00fameros positivos em quase todos os meses, menos em mar\u00e7o, quando apontou queda tanto no n\u00famero de unidades vendidas quanto no faturamento.<\/p>\n<p>De janeiro a setembro de 2025, o relat\u00f3rio registra acumulado de 8,85% no faturamento e de 7,72% no n\u00famero de unidades vendidas. Em n\u00fameros absolutos, o Painel mostra a venda de 40,2 milh\u00f5es de exemplares, o que rendeu faturamento de R$ 2 bilh\u00f5es.<\/p>\n<p>O setor festeja os n\u00fameros positivos. &#8216;Comemoramos a volta ao crescimento neste per\u00edodo, esperando que, ao ingressar no \u00faltimo trimestre, possamos realmente fechar o ano com n\u00fameros positivos&#8217;, comentou Dante Cid, presidente do SNEL.<\/p>\n","protected":false},"excerpt":{"rendered":"Bons ventos no varejo de livros no Brasil. De acordo com o relat\u00f3rio Painel do Varejo de Livros,&hellip;\n","protected":false},"author":2,"featured_media":98895,"comment_status":"","ping_status":"","sticky":false,"template":"","format":"standard","meta":{"footnotes":""},"categories":[143],"tags":[169,114,115,170,24234,24235,32,33,24233],"class_list":{"0":"post-98894","1":"post","2":"type-post","3":"status-publish","4":"format-standard","5":"has-post-thumbnail","7":"category-livros","8":"tag-books","9":"tag-entertainment","10":"tag-entretenimento","11":"tag-livros","12":"tag-nielsen","13":"tag-painel-do-varejo-de-livros","14":"tag-portugal","15":"tag-pt","16":"tag-sindicato-nacional-dos-editores-de-livros-snel"},"share_on_mastodon":{"url":"","error":""},"_links":{"self":[{"href":"https:\/\/www.europesays.com\/pt\/wp-json\/wp\/v2\/posts\/98894","targetHints":{"allow":["GET"]}}],"collection":[{"href":"https:\/\/www.europesays.com\/pt\/wp-json\/wp\/v2\/posts"}],"about":[{"href":"https:\/\/www.europesays.com\/pt\/wp-json\/wp\/v2\/types\/post"}],"author":[{"embeddable":true,"href":"https:\/\/www.europesays.com\/pt\/wp-json\/wp\/v2\/users\/2"}],"replies":[{"embeddable":true,"href":"https:\/\/www.europesays.com\/pt\/wp-json\/wp\/v2\/comments?post=98894"}],"version-history":[{"count":0,"href":"https:\/\/www.europesays.com\/pt\/wp-json\/wp\/v2\/posts\/98894\/revisions"}],"wp:featuredmedia":[{"embeddable":true,"href":"https:\/\/www.europesays.com\/pt\/wp-json\/wp\/v2\/media\/98895"}],"wp:attachment":[{"href":"https:\/\/www.europesays.com\/pt\/wp-json\/wp\/v2\/media?parent=98894"}],"wp:term":[{"taxonomy":"category","embeddable":true,"href":"https:\/\/www.europesays.com\/pt\/wp-json\/wp\/v2\/categories?post=98894"},{"taxonomy":"post_tag","embeddable":true,"href":"https:\/\/www.europesays.com\/pt\/wp-json\/wp\/v2\/tags?post=98894"}],"curies":[{"name":"wp","href":"https:\/\/api.w.org\/{rel}","templated":true}]}}