{"id":98898,"date":"2025-10-05T16:34:10","date_gmt":"2025-10-05T16:34:10","guid":{"rendered":"https:\/\/www.europesays.com\/pt\/98898\/"},"modified":"2025-10-05T16:34:10","modified_gmt":"2025-10-05T16:34:10","slug":"sinal-escondido-no-cerebro-pode-revelar-alzheimer-anos-antes-dos-sintomas","status":"publish","type":"post","link":"https:\/\/www.europesays.com\/pt\/98898\/","title":{"rendered":"Sinal escondido no c\u00e9rebro pode revelar Alzheimer anos antes dos sintomas"},"content":{"rendered":"<p>Pesquisadores da Universidade Internacional da Fl\u00f3rida, nos Estados Unidos, identificaram uma prote\u00edna no c\u00e9rebro que pode sinalizar o in\u00edcio do Alzheimer muito antes do surgimento dos sintomas. O estudo, publicado na Acta Neuropathologica, revela pistas sobre como a doen\u00e7a se desenvolve e abre caminho para diagn\u00f3sticos mais precoces.<\/p>\n<p>Em testes com camundongos, os cientistas observaram n\u00edveis elevados da prote\u00edna TSPO em animais com apenas seis semanas de idade \u2014 o equivalente a cerca de 18 a 20 anos humanos. O aumento ocorreu em uma regi\u00e3o do c\u00e9rebro ligada \u00e0 mem\u00f3ria, chamada sub\u00edculo.<\/p>\n<p>A equipe tamb\u00e9m analisou tecidos cerebrais de pessoas com uma muta\u00e7\u00e3o gen\u00e9tica que provoca Alzheimer precoce, geralmente entre os 30 e 40 anos. Eles encontraram o mesmo padr\u00e3o de TSPO em tecido cerebral humano coletado post-mortem de nove pessoas na Col\u00f4mbia que tinham uma muta\u00e7\u00e3o, refor\u00e7ando a rela\u00e7\u00e3o da prote\u00edna com a doen\u00e7a.<\/p>\n<p class=\"py-2\">Continua depois da publicidade<\/p>\n<p><strong>Leia tamb\u00e9m:\u00a0<a href=\"https:\/\/www.infomoney.com.br\/saude\/vida-longa-e-saudavel-licoes-de-um-dos-maiores-especialistas-em-longevidade-do-mundo\/\" rel=\"nofollow noopener\" target=\"_blank\">Vida longa e saud\u00e1vel: li\u00e7\u00f5es de um dos maiores especialistas em longevidade do mundo<\/a><\/strong><\/p>\n<p>\u201cA neuroinflama\u00e7\u00e3o \u00e9 um evento muito precoce no Alzheimer que influencia seu in\u00edcio\u201d, afirma o neurocientista Tom\u00e1s Guilarte, um dos autores do estudo. \u201cSe pudermos usar a TSPO para detect\u00e1-la precocemente, logo nos est\u00e1gios iniciais da doen\u00e7a, isso pode significar retardar a progress\u00e3o ou atrasar os sintomas em cinco ou seis anos. S\u00e3o cinco ou seis anos em que algu\u00e9m tem uma melhor qualidade de vida.\u201d<\/p>\n<p>O estudo mostrou que o aumento da prote\u00edna ocorre principalmente em c\u00e9lulas de defesa do c\u00e9rebro chamadas microglia, que entram em a\u00e7\u00e3o ao redor das placas de beta-amiloide \u2014 aglomerados de prote\u00edna fortemente ligados ao Alzheimer. Em vez de remover as placas, essas c\u00e9lulas acabam produzindo mais TSPO, mantendo a inflama\u00e7\u00e3o ativa.<\/p>\n<p class=\"py-2\">Continua depois da publicidade<\/p>\n<p>Os pesquisadores destacam que o estudo focou em casos gen\u00e9ticos de in\u00edcio precoce, que representam uma minoria, mas os achados podem ajudar a entender melhor a doen\u00e7a e orientar pesquisas sobre preven\u00e7\u00e3o e tratamento.<\/p>\n<p><strong>Leia tamb\u00e9m: <a href=\"https:\/\/www.infomoney.com.br\/saude\/existe-um-melhor-momento-para-comer-carboidratos-especialista-diz-que-sim-entenda\/\" rel=\"nofollow noopener\" target=\"_blank\">Existe um melhor momento para comer carboidratos? Especialista diz que sim; entenda<\/a><\/strong><\/p>\n<p>\u201cUm dos maiores desafios do Alzheimer \u00e9 que ele \u00e9 visto como uma doen\u00e7a de idosos, e isso atrasa o diagn\u00f3stico. Nosso objetivo \u00e9 identificar sinais precoces para agir antes que a pessoa fique muito doente\u201d, afirma o neurocientista Daniel Martinez-Perez, tamb\u00e9m da FIU.<\/p>\n","protected":false},"excerpt":{"rendered":"Pesquisadores da Universidade Internacional da Fl\u00f3rida, nos Estados Unidos, identificaram uma prote\u00edna no c\u00e9rebro que pode sinalizar o&hellip;\n","protected":false},"author":2,"featured_media":70104,"comment_status":"","ping_status":"","sticky":false,"template":"","format":"standard","meta":{"footnotes":""},"categories":[86],"tags":[314,116,32,33,117],"class_list":{"0":"post-98898","1":"post","2":"type-post","3":"status-publish","4":"format-standard","5":"has-post-thumbnail","7":"category-saude","8":"tag-alzheimer","9":"tag-health","10":"tag-portugal","11":"tag-pt","12":"tag-saude"},"share_on_mastodon":{"url":"","error":""},"_links":{"self":[{"href":"https:\/\/www.europesays.com\/pt\/wp-json\/wp\/v2\/posts\/98898","targetHints":{"allow":["GET"]}}],"collection":[{"href":"https:\/\/www.europesays.com\/pt\/wp-json\/wp\/v2\/posts"}],"about":[{"href":"https:\/\/www.europesays.com\/pt\/wp-json\/wp\/v2\/types\/post"}],"author":[{"embeddable":true,"href":"https:\/\/www.europesays.com\/pt\/wp-json\/wp\/v2\/users\/2"}],"replies":[{"embeddable":true,"href":"https:\/\/www.europesays.com\/pt\/wp-json\/wp\/v2\/comments?post=98898"}],"version-history":[{"count":0,"href":"https:\/\/www.europesays.com\/pt\/wp-json\/wp\/v2\/posts\/98898\/revisions"}],"wp:featuredmedia":[{"embeddable":true,"href":"https:\/\/www.europesays.com\/pt\/wp-json\/wp\/v2\/media\/70104"}],"wp:attachment":[{"href":"https:\/\/www.europesays.com\/pt\/wp-json\/wp\/v2\/media?parent=98898"}],"wp:term":[{"taxonomy":"category","embeddable":true,"href":"https:\/\/www.europesays.com\/pt\/wp-json\/wp\/v2\/categories?post=98898"},{"taxonomy":"post_tag","embeddable":true,"href":"https:\/\/www.europesays.com\/pt\/wp-json\/wp\/v2\/tags?post=98898"}],"curies":[{"name":"wp","href":"https:\/\/api.w.org\/{rel}","templated":true}]}}