{"id":99046,"date":"2025-10-05T20:42:10","date_gmt":"2025-10-05T20:42:10","guid":{"rendered":"https:\/\/www.europesays.com\/pt\/99046\/"},"modified":"2025-10-05T20:42:10","modified_gmt":"2025-10-05T20:42:10","slug":"russia-lanca-maior-ataque-desde-o-inicio-da-guerra-contra-fronteira-com-polonia-2","status":"publish","type":"post","link":"https:\/\/www.europesays.com\/pt\/99046\/","title":{"rendered":"R\u00fassia lan\u00e7a maior ataque desde o in\u00edcio da guerra contra fronteira com Pol\u00f3nia"},"content":{"rendered":"<p class=\"category\"><a href=\"https:\/\/sicnoticias.pt\/especiais\/guerra-russia-ucrania\" rel=\"nofollow noopener\" target=\"_blank\">Guerra R\u00fassia-Ucr\u00e2nia<\/a><\/p>\n<p>Bombardeamento obrigou a Pol\u00f3nia e os seus aliados da NATO (Organiza\u00e7\u00e3o do Tratado do Atl\u00e2ntico Norte) a ativarem o seu alerta m\u00e1ximo e os sistemas de defesa e de reconhecimento.<\/p>\n<p><img decoding=\"async\" src=\"https:\/\/www.europesays.com\/pt\/wp-content\/uploads\/2025\/10\/1759696930_536_original.webp\" alt=\"R\u00fassia lan\u00e7a maior ataque desde o in\u00edcio da guerra contra fronteira com Pol\u00f3nia\"\/><\/p>\n<p>Mykola Tys<\/p>\n<p><strong>A R\u00fassia lan\u00e7ou este domingo o maior ataque, desde o in\u00edcio da guerra na Ucr\u00e2nia, em 2022, contra a regi\u00e3o de Lviv, que faz fronteira com a Pol\u00f3nia.<\/strong><\/p>\n<blockquote><p>&#8220;Esta noite, o inimigo<strong> realizou o principal ataque contra a regi\u00e3o de Lviv desde o inicio da invas\u00e3o<\/strong>&#8220;, relatou o chefe da Administra\u00e7\u00e3o Militar Regional da Ucr\u00e2nia, Maksim Kozitsk\u00ed, na sua conta no Telegram.<\/p><\/blockquote>\n<p>Cerca de 140 drones e 23 m\u00edsseis foram direcionados Lviv.<\/p>\n<p>As defesas antia\u00e9reas ucranianas<strong> destru\u00edram 478 drones e m\u00edsseis russos direcionados \u00e0 Ucr\u00e2nia<\/strong>, segundo o \u00faltimo boletim.<\/p>\n<p>O <strong>bombardeamento obrigou a Pol\u00f3nia e os seus aliados da NATO<\/strong> (Organiza\u00e7\u00e3o do Tratado do Atl\u00e2ntico Norte) a ativarem o seu alerta m\u00e1ximo e os sistemas de defesa e de reconhecimento.<\/p>\n<p>Em Lapaivka, perto da cidade de Lviv, uma <strong>fam\u00edlia de quatro pessoas morreu na sequ\u00eancia de um dos bombardeamentos<\/strong>.<\/p>\n<p>Escola, jardim de inf\u00e2ncia e igreja danificados <\/p>\n<p>O presidente da C\u00e2mara de Lviv, Andry Sadovi, disse que <strong>mais de mil janelas, uma escola, um jardim de inf\u00e2ncia e uma igreja foram danificados.<\/strong><\/p>\n<p>Um <strong>parque industrial tamb\u00e9m sofreu um inc\u00eandio<\/strong> e partes da cidade ficaram sem energia.<\/p>\n<p>Zaporijia foi outra das regi\u00f5es mais afetadas pelo ataque. Pelo menos, <strong>10 pessoas ficaram feridas, 15 casas, um centro de oncologia e estruturas de energia foram danificadas.<\/strong><\/p>\n<p>Mais de 110 mil consumidores ficaram sem energia na Ucr\u00e2nia, cerca de 70 mil dos quais em Zaporijia.<\/p>\n<p>As regi\u00f5es de <strong>Sumi (Nordeste) e Chernihiv (Norte) tamb\u00e9m foram afetadas<\/strong> e est\u00e3o a registar cortes de energia.<\/p>\n<p>O ataque russo afetou ainda outras regi\u00f5es, como Ivano-Frankivsk (Sudoeste), Kharkiv (Leste), Kherson (Sul), Odessa (Sul) e Kirovohrad (Centro).<\/p>\n<p>O Presidente ucraniano, Volodymyr Zelensky, voltou hoje a pedir ajuda aos seus parceiros.<\/p>\n<p>No seu discurso di\u00e1rio, Zelensky referiu que Putin est\u00e1 a tro\u00e7ar do Ocidente, &#8220;do seu sil\u00eancio e da sua falta de a\u00e7\u00e3o decisiva&#8221;.<\/p>\n<p>De acordo com o Presidente ucraniano, os 500 drones utilizados, na passada noite, pela R\u00fassia, cont\u00eam mais de 100.000 componentes estrangeiros, fabricados nos EUA, China, Taiwan, Reino Unido, Alemanha, Su\u00ed\u00e7a, Jap\u00e3o, Coreia do Sul e Holanda.<\/p>\n<p>A R\u00fassia invadiu a Ucr\u00e2nia em 24 de fevereiro de 2022.<\/p>\n","protected":false},"excerpt":{"rendered":"Guerra R\u00fassia-Ucr\u00e2nia Bombardeamento obrigou a Pol\u00f3nia e os seus aliados da NATO (Organiza\u00e7\u00e3o do Tratado do Atl\u00e2ntico Norte)&hellip;\n","protected":false},"author":2,"featured_media":99047,"comment_status":"","ping_status":"","sticky":false,"template":"","format":"standard","meta":{"footnotes":""},"categories":[50],"tags":[27,28,15,16,14,25,26,21,22,62,12,13,19,20,23,24,17,18,29,30,31,63,64,65],"class_list":{"0":"post-99046","1":"post","2":"type-post","3":"status-publish","4":"format-standard","5":"has-post-thumbnail","7":"category-mundo","8":"tag-breaking-news","9":"tag-breakingnews","10":"tag-featured-news","11":"tag-featurednews","12":"tag-headlines","13":"tag-latest-news","14":"tag-latestnews","15":"tag-main-news","16":"tag-mainnews","17":"tag-mundo","18":"tag-news","19":"tag-noticias","20":"tag-noticias-principais","21":"tag-noticiasprincipais","22":"tag-principais-noticias","23":"tag-principaisnoticias","24":"tag-top-stories","25":"tag-topstories","26":"tag-ultimas","27":"tag-ultimas-noticias","28":"tag-ultimasnoticias","29":"tag-world","30":"tag-world-news","31":"tag-worldnews"},"share_on_mastodon":{"url":"","error":""},"_links":{"self":[{"href":"https:\/\/www.europesays.com\/pt\/wp-json\/wp\/v2\/posts\/99046","targetHints":{"allow":["GET"]}}],"collection":[{"href":"https:\/\/www.europesays.com\/pt\/wp-json\/wp\/v2\/posts"}],"about":[{"href":"https:\/\/www.europesays.com\/pt\/wp-json\/wp\/v2\/types\/post"}],"author":[{"embeddable":true,"href":"https:\/\/www.europesays.com\/pt\/wp-json\/wp\/v2\/users\/2"}],"replies":[{"embeddable":true,"href":"https:\/\/www.europesays.com\/pt\/wp-json\/wp\/v2\/comments?post=99046"}],"version-history":[{"count":0,"href":"https:\/\/www.europesays.com\/pt\/wp-json\/wp\/v2\/posts\/99046\/revisions"}],"wp:featuredmedia":[{"embeddable":true,"href":"https:\/\/www.europesays.com\/pt\/wp-json\/wp\/v2\/media\/99047"}],"wp:attachment":[{"href":"https:\/\/www.europesays.com\/pt\/wp-json\/wp\/v2\/media?parent=99046"}],"wp:term":[{"taxonomy":"category","embeddable":true,"href":"https:\/\/www.europesays.com\/pt\/wp-json\/wp\/v2\/categories?post=99046"},{"taxonomy":"post_tag","embeddable":true,"href":"https:\/\/www.europesays.com\/pt\/wp-json\/wp\/v2\/tags?post=99046"}],"curies":[{"name":"wp","href":"https:\/\/api.w.org\/{rel}","templated":true}]}}