{"id":99056,"date":"2025-10-05T20:53:28","date_gmt":"2025-10-05T20:53:28","guid":{"rendered":"https:\/\/www.europesays.com\/pt\/99056\/"},"modified":"2025-10-05T20:53:28","modified_gmt":"2025-10-05T20:53:28","slug":"miramar-e-um-refugio-intimo-que-temos-e-e-bom-acabar-um-concerto-sem-ouvidos-a-zumbir-o-casamento-abencoado-de-peixe-e-frankie-chavez","status":"publish","type":"post","link":"https:\/\/www.europesays.com\/pt\/99056\/","title":{"rendered":"&#8220;Miramar \u00e9 um ref\u00fagio \u00edntimo que temos. E \u00e9 bom acabar um concerto sem ouvidos a zumbir&#8221;: O &#8220;casamento aben\u00e7oado&#8221; de Peixe e Frankie Chavez"},"content":{"rendered":"<p>Quando recebemos Peixe e Frankie Chavez na reda\u00e7\u00e3o, para a entrevista que aqui partilhamos, a dupla foi de imediato reconhecida por um colega da SIC, que os cumprimentou e congratulou pela m\u00fasica gravada em \u201cMiramar\u201d (2019) e \u201cMiramar II\u201d (2022). Esta sexta-feira, a dupla lan\u00e7ou \u201cMiramar III\u201d, o novo disco em que abre a porta a novos elementos &#8211; o saxofone de Cabrita, a percuss\u00e3o de Ant\u00f3nio Serginho, as cordas do quarteto de solistas da Casa da M\u00fasica -, sem perder a identidade. A import\u00e2ncia da autenticidade num tempo marcado pela Intelig\u00eancia Artificial, o espa\u00e7o de prazer e liberdade que os Miramar ocupam nas suas vidas e o \u201csolo de Instagram\u201d inclu\u00eddo numa das m\u00fasicas do novo disco foram alguns temas da conversa. <\/p>\n<p><strong>Antes da entrevista, foram abordados por um f\u00e3, que comparou a vossa m\u00fasica \u00e0 banda-sonora do filme \u201cBrokeback Mountain\u201d. \u00c9 habitual fazerem esse tipo de coment\u00e1rio?<\/strong><\/p>\n<p>Frankie Chavez: \u00c9, mas nunca nos tinham comparado diretamente a algu\u00e9m como o Gustavo Santaolalla, de quem sou grande f\u00e3. (risos)<br \/>Peixe: Costumam dizer-nos que a nossa m\u00fasica \u00e9 muito cinematogr\u00e1fica, mas \u00e0s vezes falam do \u201cParis, Texas\u201d, do Ry Cooder\u2026 ou daquela m\u00fasica que toca no \u201cDesperado\u201d (cantarola). <\/p>\n<p><strong>J\u00e1 vos convidaram para fazer banda-sonoras?<\/strong><\/p>\n<p>P: Por acaso estamos num processo de an\u00e1lise de uma s\u00e9rie que est\u00e1 a ser feita e que poder\u00e1 contar com a nossa banda-sonora, mas ainda n\u00e3o est\u00e1 confirmado.<\/p>\n<p>FC: Nunca tivemos de criar nada de prop\u00f3sito, sempre nos junt\u00e1mos para escrever as nossas can\u00e7\u00f5es, mas podia ser um desafio engra\u00e7ado. J\u00e1 fizemos bandas-sonoras, mas n\u00e3o como Miramar.<\/p>\n<p>P: N\u00e3o \u00e9 f\u00e1cil, porque o Frankie est\u00e1 em Lisboa, eu estou no Porto. Ambos temos outros projetos, al\u00e9m de Miramar, que ocupa um espa\u00e7o especial na vida de ambos. E o facto de estarmos longe faz com que os processos sejam demorados, o que n\u00e3o \u00e9 necessariamente mau. Uma coisa porreira \u00e9 que geralmente trabalhamos sem grandes prazos e press\u00f5es. Fazemos isto porque nos d\u00e1 gozo. Vamos fazendo, quando estamos juntos, ou usamos o e-mail\u2026 ou quando vamos dar um concerto, aproveitamos para experimentar coisas. Portanto, os processos s\u00e3o longos, o que tamb\u00e9m nos faz amadurecer e perceber por onde queremos ir. N\u00e3o sei se isso \u00e9 compat\u00edvel com uma encomenda, por exemplo.<\/p>\n<p><a href=\"https:\/\/expresso.pt\/subscrever?action=GEN&amp;channel=VID&amp;type=CAP&amp;source=WEB&amp;returnUrl=https:\/\/expresso.pt\/blitz\/2025-10-04-miramar-e-um-refugio-intimo-que-temos.-e-e-bom-acabar-um-concerto-sem-ouvidos-a-zumbir-o-casamento-abencoado-de-peixe-e-frankie-chavez-fbcdeb53&amp;utm_source=expresso&amp;utm_medium=locked_article&amp;locked=true&amp;article_id=7859f413-d5c7-4dbd-862f-a377ef073028&amp;author_id=Lia+Pereira,Rita+Carmo&amp;category=Blitz\" target=\"_self\" class=\"\" rel=\"nofollow noopener\">Subscrever<\/a>J\u00e1 \u00e9 Subscritor?Fa\u00e7a login e continue a ler<a href=\"http:\/\/expresso.pt\/codigo?redirectUrl=https:\/\/expresso.pt\/blitz\/2025-10-04-miramar-e-um-refugio-intimo-que-temos.-e-e-bom-acabar-um-concerto-sem-ouvidos-a-zumbir-o-casamento-abencoado-de-peixe-e-frankie-chavez-fbcdeb53\" target=\"_self\" class=\"\" rel=\"nofollow noopener\">Inserir C\u00f3digo<\/a>Comprou o Expresso?Insira o c\u00f3digo presente na Revista E para continuar a ler<\/p>\n","protected":false},"excerpt":{"rendered":"Quando recebemos Peixe e Frankie Chavez na reda\u00e7\u00e3o, para a entrevista que aqui partilhamos, a dupla foi de&hellip;\n","protected":false},"author":2,"featured_media":99057,"comment_status":"","ping_status":"","sticky":false,"template":"","format":"standard","meta":{"footnotes":""},"categories":[85],"tags":[114,115,32,33],"class_list":{"0":"post-99056","1":"post","2":"type-post","3":"status-publish","4":"format-standard","5":"has-post-thumbnail","7":"category-entretenimento","8":"tag-entertainment","9":"tag-entretenimento","10":"tag-portugal","11":"tag-pt"},"share_on_mastodon":{"url":"","error":""},"_links":{"self":[{"href":"https:\/\/www.europesays.com\/pt\/wp-json\/wp\/v2\/posts\/99056","targetHints":{"allow":["GET"]}}],"collection":[{"href":"https:\/\/www.europesays.com\/pt\/wp-json\/wp\/v2\/posts"}],"about":[{"href":"https:\/\/www.europesays.com\/pt\/wp-json\/wp\/v2\/types\/post"}],"author":[{"embeddable":true,"href":"https:\/\/www.europesays.com\/pt\/wp-json\/wp\/v2\/users\/2"}],"replies":[{"embeddable":true,"href":"https:\/\/www.europesays.com\/pt\/wp-json\/wp\/v2\/comments?post=99056"}],"version-history":[{"count":0,"href":"https:\/\/www.europesays.com\/pt\/wp-json\/wp\/v2\/posts\/99056\/revisions"}],"wp:featuredmedia":[{"embeddable":true,"href":"https:\/\/www.europesays.com\/pt\/wp-json\/wp\/v2\/media\/99057"}],"wp:attachment":[{"href":"https:\/\/www.europesays.com\/pt\/wp-json\/wp\/v2\/media?parent=99056"}],"wp:term":[{"taxonomy":"category","embeddable":true,"href":"https:\/\/www.europesays.com\/pt\/wp-json\/wp\/v2\/categories?post=99056"},{"taxonomy":"post_tag","embeddable":true,"href":"https:\/\/www.europesays.com\/pt\/wp-json\/wp\/v2\/tags?post=99056"}],"curies":[{"name":"wp","href":"https:\/\/api.w.org\/{rel}","templated":true}]}}