{"id":99104,"date":"2025-10-05T22:06:15","date_gmt":"2025-10-05T22:06:15","guid":{"rendered":"https:\/\/www.europesays.com\/pt\/99104\/"},"modified":"2025-10-05T22:06:15","modified_gmt":"2025-10-05T22:06:15","slug":"arbitro-tem-historia-curiosa-com-os-dragoes","status":"publish","type":"post","link":"https:\/\/www.europesays.com\/pt\/99104\/","title":{"rendered":"\u00e1rbitro tem hist\u00f3ria curiosa com os drag\u00f5es"},"content":{"rendered":"<p><strong>Miguel Nogueira foi o \u00e1rbitro escolhido pelo Conselho de Arbitragem da Federa\u00e7\u00e3o Portuguesa de Futebol para apitar o FC Porto x Benfica.<\/strong><\/p>\n<p>Miguel Nogueira vai chefiar a equipa de arbitragem do encontro entre o FC Porto e o Benfica, relativo \u00e0 oitava jornada da <a href=\"https:\/\/bolanarede.pt\/etiqueta\/primeira-liga\/\" target=\"_blank\" rel=\"noreferrer noopener nofollow\">Primeira Liga<\/a>. A partida realiza-se no Est\u00e1dio do Drag\u00e3o, lugar o onde o \u00e1rbitro protagonizou um momento \u00fanico, em 2023\/24.<\/p>\n<p>No encontro entre o FC Porto e o Arouca, relativo \u00e0 quarta jornada, o monitor do VAR deixou de funcionar e Miguel Nogueira viu-se obrigado a tomar a decis\u00e3o pelo telefone.<\/p>\n<p>O lance acabou por ser anulado, sendo a falta cometida sobre Mehdi Taremi revertida.<\/p>\n","protected":false},"excerpt":{"rendered":"Miguel Nogueira foi o \u00e1rbitro escolhido pelo Conselho de Arbitragem da Federa\u00e7\u00e3o Portuguesa de Futebol para apitar o&hellip;\n","protected":false},"author":2,"featured_media":99105,"comment_status":"","ping_status":"","sticky":false,"template":"","format":"standard","meta":{"footnotes":""},"categories":[87],"tags":[260,51,135,282,23519,32,479,33,134],"class_list":{"0":"post-99104","1":"post","2":"type-post","3":"status-publish","4":"format-standard","5":"has-post-thumbnail","7":"category-desporto","8":"tag-atualidade","9":"tag-benfica","10":"tag-desporto","11":"tag-fc-porto","12":"tag-miguel-nogueira","13":"tag-portugal","14":"tag-primeira-liga","15":"tag-pt","16":"tag-sports"},"share_on_mastodon":{"url":"","error":""},"_links":{"self":[{"href":"https:\/\/www.europesays.com\/pt\/wp-json\/wp\/v2\/posts\/99104","targetHints":{"allow":["GET"]}}],"collection":[{"href":"https:\/\/www.europesays.com\/pt\/wp-json\/wp\/v2\/posts"}],"about":[{"href":"https:\/\/www.europesays.com\/pt\/wp-json\/wp\/v2\/types\/post"}],"author":[{"embeddable":true,"href":"https:\/\/www.europesays.com\/pt\/wp-json\/wp\/v2\/users\/2"}],"replies":[{"embeddable":true,"href":"https:\/\/www.europesays.com\/pt\/wp-json\/wp\/v2\/comments?post=99104"}],"version-history":[{"count":0,"href":"https:\/\/www.europesays.com\/pt\/wp-json\/wp\/v2\/posts\/99104\/revisions"}],"wp:featuredmedia":[{"embeddable":true,"href":"https:\/\/www.europesays.com\/pt\/wp-json\/wp\/v2\/media\/99105"}],"wp:attachment":[{"href":"https:\/\/www.europesays.com\/pt\/wp-json\/wp\/v2\/media?parent=99104"}],"wp:term":[{"taxonomy":"category","embeddable":true,"href":"https:\/\/www.europesays.com\/pt\/wp-json\/wp\/v2\/categories?post=99104"},{"taxonomy":"post_tag","embeddable":true,"href":"https:\/\/www.europesays.com\/pt\/wp-json\/wp\/v2\/tags?post=99104"}],"curies":[{"name":"wp","href":"https:\/\/api.w.org\/{rel}","templated":true}]}}