{"id":99106,"date":"2025-10-05T22:07:21","date_gmt":"2025-10-05T22:07:21","guid":{"rendered":"https:\/\/www.europesays.com\/pt\/99106\/"},"modified":"2025-10-05T22:07:21","modified_gmt":"2025-10-05T22:07:21","slug":"casos-de-dengue-disparam-230-em-santa-catarina-durante-setembro-di-regional","status":"publish","type":"post","link":"https:\/\/www.europesays.com\/pt\/99106\/","title":{"rendered":"Casos de dengue disparam 230% em Santa Catarina durante setembro &#8211; DI Regional"},"content":{"rendered":"<ol>\n<li><a href=\"https:\/\/news.google.com\/rss\/articles\/CBMi0wFBVV95cUxQcGVaeGgxaDNmZGZLcmVQYkJGVTlXd3dYTWpLTmNMeVBJTGVlWC1MNXlFOWdwNXI5c0I5T0xqOU9odTNNQzc4bXNLVm43aC01N1U2ZkxXNUZmMmNCd0c0cjk2XzFhMk5IZTZQSWNwc0VrZWlnaHhERXJlc1lPdkhXamhGMlhRemhRRWhRaThUWjVGeFZWNGhoaldyelBiWkRuRTJsaWMwR0dRd0FXaEtjN05mVVFacDVzSDVYaFhDUWFiTk1udXUzRGg2M1lScmNhWGlV?oc=5\" target=\"_blank\" rel=\"nofollow noopener\">Casos de dengue disparam 230% em Santa Catarina durante setembro<\/a>&nbsp;&nbsp;DI Regional<\/li>\n<li><a href=\"https:\/\/news.google.com\/rss\/articles\/CBMinAFBVV95cUxPclNmd1d4MWxnMXBhaktJckpsOExZOGxXVDNqZkg5Q2VjTDJlRmxfYzdsQkdUdjhfdkl0aXlRNUFMc3NZUVJTWjhaSTBENXpJWVZJRlBGTm5JZDNhaEFHczRjaE5wV25TYlhGZmxPWHdPOVhjQ3k2WG9lS1lhbFllT2ZmNmkxaHA4Q1N0R1dOVnpLQ0Z6YmFacGp0bW8?oc=5\" target=\"_blank\" rel=\"nofollow noopener\">Dengue avan\u00e7a em SC com aumento de 230% de casos em setembro; Sa\u00fade refor\u00e7a a\u00e7\u00f5es<\/a>&nbsp;&nbsp;ND Mais<\/li>\n<li><a href=\"https:\/\/news.google.com\/rss\/articles\/CBMitwFBVV95cUxQMGRyUVdfaDQ1ZF80X0FULVcwNF9XcVpLRjloOFhteTJld2xVa2dwbHZIOXYzbFdjZHFqQTl0OWdqQ1ZmbFpSZ3BBeE0zeTJITW1FX25malBEY0w1M2VEZVFjNEFaMmh2R09VcFZqaXJVVDhhV1ZFeUJCT0Z1SUU0UjFmcDNERGoxYk02YllVMExiNjVmZUN6eEpQY3JKNnhxS2lMd2xEcFZ6dWx4Y093THVfV0cyWlk?oc=5\" target=\"_blank\" rel=\"nofollow noopener\">Santa Catarina refor\u00e7a controle do Aedes aegypti diante da alta de casos de dengue<\/a>&nbsp;&nbsp;rco.com.br<\/li>\n<li><a href=\"https:\/\/news.google.com\/rss\/articles\/CBMiwgFBVV95cUxQaGs1OU11bUZkczVrVW1QS0VvMnh2N05LRlNVMVZiMjM2T21NQmRoa2FtSEJkUDlQTEFKLXZEWlRCNkx6NlRUYnI1dlF0ZDh3OWtvS0VGZDFzTTBjaHQ5SjlxVGVlRDdSUEladnhTZk5Bb1lVZzAxNzhIc1J2dlRtUFFYc1FuYTltZm5vV1ljaU1HTEh2eEJldnJhdFQxS2JTNlMxa1M4enhwLXZtS2w2OUl3ZWV6RGRHdWlmVHJETGd3UQ?oc=5\" target=\"_blank\" rel=\"nofollow noopener\">Dengue SC: Estado refor\u00e7a intensifica\u00e7\u00e3o das a\u00e7\u00f5es de preven\u00e7\u00e3o no per\u00edodo sazonal de transmiss\u00e3o<\/a>&nbsp;&nbsp;RWTV<\/li>\n<li><a href=\"https:\/\/news.google.com\/rss\/articles\/CBMimwFBVV95cUxQTTMtU3FRRExWQTctUlBLelZFWFpPRTEtVEFLNzhkQWxmYXRfZ2p6Q1VWNU03QlluVE1LRm1ITjAyZk5GTkdNZW95SnZFTVllNEtZTDY1dy1pQlZMNGFidF9MbUxYWVJxcE5LZ0M5TzlFUTgxNExYQXRDMHFoQ3U1VUo3ZWdoTzJNNHRTRjktdFB4bXlEU0JwdTN1bw?oc=5\" target=\"_blank\" rel=\"nofollow noopener\">Per\u00edodo de chuvas preocupa autoridades para aumento de casos de dengue<\/a>&nbsp;&nbsp;TVBV ONLINE<\/li>\n<\/ol>\n","protected":false},"excerpt":{"rendered":"Casos de dengue disparam 230% em Santa Catarina durante setembro&nbsp;&nbsp;DI Regional Dengue avan\u00e7a em SC com aumento de&hellip;\n","protected":false},"author":2,"featured_media":99107,"comment_status":"","ping_status":"","sticky":false,"template":"","format":"standard","meta":{"footnotes":""},"categories":[86],"tags":[116,32,33,117],"class_list":{"0":"post-99106","1":"post","2":"type-post","3":"status-publish","4":"format-standard","5":"has-post-thumbnail","7":"category-saude","8":"tag-health","9":"tag-portugal","10":"tag-pt","11":"tag-saude"},"share_on_mastodon":{"url":"","error":""},"_links":{"self":[{"href":"https:\/\/www.europesays.com\/pt\/wp-json\/wp\/v2\/posts\/99106","targetHints":{"allow":["GET"]}}],"collection":[{"href":"https:\/\/www.europesays.com\/pt\/wp-json\/wp\/v2\/posts"}],"about":[{"href":"https:\/\/www.europesays.com\/pt\/wp-json\/wp\/v2\/types\/post"}],"author":[{"embeddable":true,"href":"https:\/\/www.europesays.com\/pt\/wp-json\/wp\/v2\/users\/2"}],"replies":[{"embeddable":true,"href":"https:\/\/www.europesays.com\/pt\/wp-json\/wp\/v2\/comments?post=99106"}],"version-history":[{"count":0,"href":"https:\/\/www.europesays.com\/pt\/wp-json\/wp\/v2\/posts\/99106\/revisions"}],"wp:featuredmedia":[{"embeddable":true,"href":"https:\/\/www.europesays.com\/pt\/wp-json\/wp\/v2\/media\/99107"}],"wp:attachment":[{"href":"https:\/\/www.europesays.com\/pt\/wp-json\/wp\/v2\/media?parent=99106"}],"wp:term":[{"taxonomy":"category","embeddable":true,"href":"https:\/\/www.europesays.com\/pt\/wp-json\/wp\/v2\/categories?post=99106"},{"taxonomy":"post_tag","embeddable":true,"href":"https:\/\/www.europesays.com\/pt\/wp-json\/wp\/v2\/tags?post=99106"}],"curies":[{"name":"wp","href":"https:\/\/api.w.org\/{rel}","templated":true}]}}