{"id":99108,"date":"2025-10-05T22:09:11","date_gmt":"2025-10-05T22:09:11","guid":{"rendered":"https:\/\/www.europesays.com\/pt\/99108\/"},"modified":"2025-10-05T22:09:11","modified_gmt":"2025-10-05T22:09:11","slug":"nem-200e-custa-e-e-um-dos-telemoveis-mais-vendidos-da-samsung-no-mundo","status":"publish","type":"post","link":"https:\/\/www.europesays.com\/pt\/99108\/","title":{"rendered":"Nem 200\u20ac custa e \u00e9 um dos telem\u00f3veis mais vendidos da Samsung no mundo"},"content":{"rendered":"<p class=\"leading\">\n                O Samsung Galaxy A16 5G \u00e9, atualmente, o segundo telem\u00f3vel mais vendido da marca, em todo o mundo.            <\/p>\n<p>Foi h\u00e1 poucos dias que saiu um relat\u00f3rio da Counterpoint Research, que nos indica quais s\u00e3o os <a href=\"https:\/\/4gnews.pt\/os-10-telemoveis-mais-vendidos-do-mundo-atualmente-e-so-um-deles-e-da-xiaomi\/\" rel=\"nofollow noopener\" target=\"_blank\">10 telem\u00f3veis mais vendidos do mundo<\/a>, durante o 2\u00ba trimestre de 2025. Os dados recolhidos, entre os meses de abril e mar\u00e7o, permitiram-nos observar que o Galaxy A06 foi o segundo telem\u00f3vel da Samsung mais popular entre os consumidores.<\/p>\n<p>Assim sendo, serve este artigo para te dar a conhecer o smartphone da Samsung. Podes encontr\u00e1-lo \u00e0 venda, na Worten, por 245 euros, na sua variante de 4 GB de RAM e 128 GB de armazenamento.<\/p>\n<p><a href=\"https:\/\/tidd.ly\/41RJTdI\" target=\"_blank\" rel=\"nofollow noreferrer noopener\"><img decoding=\"async\" alt=\"Samsung Galaxy A06\" height=\"686\" src=\"https:\/\/www.europesays.com\/pt\/wp-content\/uploads\/2025\/10\/captura-de-ecra-2025-09-30-113052.jpg\" width=\"926\" fetchpriority=\"high\"\/><\/a><\/p>\n<p>Sobre o Samsung Galaxy A06<\/p>\n<p>O <strong>Samsung Galaxy A06<\/strong> chega ao mercado com um ecr\u00e3 PLS LCD de 6,7 polegadas, oferecendo uma experi\u00eancia visual fluida em fun\u00e7\u00e3o do pre\u00e7o. No cora\u00e7\u00e3o do dispositivo, est\u00e1 o processador <strong>MediaTek Helio G85<\/strong>, que, apesar de n\u00e3o competir diretamente com chipsets topo de gama como o Snapdragon 8 Elite, garante desempenho s\u00f3lido para tarefas do dia a dia.<\/p>\n<p>O Galaxy A06 inclui uma bateria de 5.000 mAh com carregamento r\u00e1pido de 25 W, algo comum mesmo em modelos premium da Samsung. O conjunto fotogr\u00e1fico tamb\u00e9m merece destaque: na parte traseira, o smartphone conta com duas c\u00e2maras \u2013 principal de 50 MP e de profundidade de 2 MP \u2013 enquanto a c\u00e2mara frontal tem 8 MP.<\/p>\n<p>Para quem procura alternativas econ\u00f3micas, \u00e9 um modelo a ter claramente em conta. No entanto, como o 4gnews te deu a conhecer recentemente, o telem\u00f3vel mais vendido da Samsung no mundo, atualmente, \u00e9 mesmo o Galaxy A16. De qualquer forma, podes sempre dar uma vista de olhos na lista do 4gnews com os <a href=\"https:\/\/4gnews.pt\/melhores-telemoveis-ate-300-euros\/\" rel=\"nofollow noopener\" target=\"_blank\">melhores telem\u00f3veis abaixo de 300 euros<\/a> para comprar em 2025.<\/p>\n<p><a href=\"https:\/\/tidd.ly\/4mh6qbf\" target=\"_blank\" rel=\"nofollow noreferrer noopener\"><img decoding=\"async\" alt=\"Samsung Galaxy A16 5G\" height=\"668\" width=\"724\" class=\"lazyload\" src=\"https:\/\/www.europesays.com\/pt\/wp-content\/uploads\/2025\/09\/captura-de-ecra-2025-09-12-171509.jpg\" loading=\"lazy\"\/><\/a><\/p>\n<p class=\"inline-related-title\">Editores 4gnews recomendam:<\/p>\n","protected":false},"excerpt":{"rendered":"O Samsung Galaxy A16 5G \u00e9, atualmente, o segundo telem\u00f3vel mais vendido da marca, em todo o mundo.&hellip;\n","protected":false},"author":2,"featured_media":99109,"comment_status":"","ping_status":"","sticky":false,"template":"","format":"standard","meta":{"footnotes":""},"categories":[84],"tags":[109,107,108,32,33,105,103,104,106,110],"class_list":{"0":"post-99108","1":"post","2":"type-post","3":"status-publish","4":"format-standard","5":"has-post-thumbnail","7":"category-ciencia-e-tecnologia","8":"tag-ciencia","9":"tag-ciencia-e-tecnologia","10":"tag-cienciaetecnologia","11":"tag-portugal","12":"tag-pt","13":"tag-science","14":"tag-science-and-technology","15":"tag-scienceandtechnology","16":"tag-technology","17":"tag-tecnologia"},"share_on_mastodon":{"url":"","error":""},"_links":{"self":[{"href":"https:\/\/www.europesays.com\/pt\/wp-json\/wp\/v2\/posts\/99108","targetHints":{"allow":["GET"]}}],"collection":[{"href":"https:\/\/www.europesays.com\/pt\/wp-json\/wp\/v2\/posts"}],"about":[{"href":"https:\/\/www.europesays.com\/pt\/wp-json\/wp\/v2\/types\/post"}],"author":[{"embeddable":true,"href":"https:\/\/www.europesays.com\/pt\/wp-json\/wp\/v2\/users\/2"}],"replies":[{"embeddable":true,"href":"https:\/\/www.europesays.com\/pt\/wp-json\/wp\/v2\/comments?post=99108"}],"version-history":[{"count":0,"href":"https:\/\/www.europesays.com\/pt\/wp-json\/wp\/v2\/posts\/99108\/revisions"}],"wp:featuredmedia":[{"embeddable":true,"href":"https:\/\/www.europesays.com\/pt\/wp-json\/wp\/v2\/media\/99109"}],"wp:attachment":[{"href":"https:\/\/www.europesays.com\/pt\/wp-json\/wp\/v2\/media?parent=99108"}],"wp:term":[{"taxonomy":"category","embeddable":true,"href":"https:\/\/www.europesays.com\/pt\/wp-json\/wp\/v2\/categories?post=99108"},{"taxonomy":"post_tag","embeddable":true,"href":"https:\/\/www.europesays.com\/pt\/wp-json\/wp\/v2\/tags?post=99108"}],"curies":[{"name":"wp","href":"https:\/\/api.w.org\/{rel}","templated":true}]}}