{"id":99122,"date":"2025-10-05T22:25:08","date_gmt":"2025-10-05T22:25:08","guid":{"rendered":"https:\/\/www.europesays.com\/pt\/99122\/"},"modified":"2025-10-05T22:25:08","modified_gmt":"2025-10-05T22:25:08","slug":"trump-autoriza-envio-de-300-soldados-da-guarda-nacional-para-chicago","status":"publish","type":"post","link":"https:\/\/www.europesays.com\/pt\/99122\/","title":{"rendered":"Trump autoriza envio de 300 soldados da Guarda Nacional para Chicago"},"content":{"rendered":"<p>A medida surgiu horas depois de as autoridades de imigra\u00e7\u00e3o terem afirmado que enfrentaram manifestantes na cidade governada pelos democratas. As autoridades disseram que uma &#8220;mulher armada&#8221; foi baleada depois de alegar que ela e outras pessoas colidiram os seus carros contra ve\u00edculos da pol\u00edcia.<\/p>\n<p>Os l\u00edderes estaduais e locais criticam h\u00e1 semanas os planos de Trump para o envio de tropas e consideram-nos abuso de poder. O governador do Illinois, JB Pritzker, disse que Trump estava &#8220;a tentar fabricar uma crise&#8221;.<\/p>\n<p>O an\u00fancio surgiu depois de um juiz federal em Portland, no Oregon, ter impedido temporariamente a administra\u00e7\u00e3o Trump de enviar para l\u00e1 200 soldados.<\/p>\n<p>A secret\u00e1ria assistente do Departamento de Seguran\u00e7a Interna, Tricia McLaughlin, disse em comunicado: &#8220;Os agentes n\u00e3o conseguiram mover os seus ve\u00edculos e sa\u00edram do carro. Um dos condutores que colidiu com o ve\u00edculo da pol\u00edcia estava armado com uma arma semiautom\u00e1tica&#8221;.<\/p>\n<p>&#8220;A pol\u00edcia foi for\u00e7ada a usar as suas armas e a disparar tiros defensivos contra um cidad\u00e3o norte-americano armado&#8221;, acrescentou.<\/p>\n<p>A ju\u00edza Karin Immergut classificou as declara\u00e7\u00f5es de Trump sobre as condi\u00e7\u00f5es em Portland como &#8220;desvinculadas dos factos&#8221; e afirmou que a medida violava a Constitui\u00e7\u00e3o.<\/p>\n<p>Immergut afirmou que o uso das For\u00e7as Armadas para reprimir a agita\u00e7\u00e3o sem o consentimento do estado do Oregon colocava em risco a soberania daquele estado e de outros, acrescentando que tamb\u00e9m inflamou as tens\u00f5es na cidade e causou um aumento de protestos.<\/p>\n<p>Chicago \u00e9 a mais recente, muitas delas lideradas por democratas, a ser alvo de um pol\u00e9mico envio de tropas, juntando-se a Washington, Los Angeles, Memphis e Portland.<\/p>\n","protected":false},"excerpt":{"rendered":"A medida surgiu horas depois de as autoridades de imigra\u00e7\u00e3o terem afirmado que enfrentaram manifestantes na cidade governada&hellip;\n","protected":false},"author":2,"featured_media":99123,"comment_status":"","ping_status":"","sticky":false,"template":"","format":"standard","meta":{"footnotes":""},"categories":[50],"tags":[27,28,15,16,14,25,26,21,22,62,12,13,19,20,23,24,17,18,29,30,31,63,64,65],"class_list":{"0":"post-99122","1":"post","2":"type-post","3":"status-publish","4":"format-standard","5":"has-post-thumbnail","7":"category-mundo","8":"tag-breaking-news","9":"tag-breakingnews","10":"tag-featured-news","11":"tag-featurednews","12":"tag-headlines","13":"tag-latest-news","14":"tag-latestnews","15":"tag-main-news","16":"tag-mainnews","17":"tag-mundo","18":"tag-news","19":"tag-noticias","20":"tag-noticias-principais","21":"tag-noticiasprincipais","22":"tag-principais-noticias","23":"tag-principaisnoticias","24":"tag-top-stories","25":"tag-topstories","26":"tag-ultimas","27":"tag-ultimas-noticias","28":"tag-ultimasnoticias","29":"tag-world","30":"tag-world-news","31":"tag-worldnews"},"share_on_mastodon":{"url":"","error":""},"_links":{"self":[{"href":"https:\/\/www.europesays.com\/pt\/wp-json\/wp\/v2\/posts\/99122","targetHints":{"allow":["GET"]}}],"collection":[{"href":"https:\/\/www.europesays.com\/pt\/wp-json\/wp\/v2\/posts"}],"about":[{"href":"https:\/\/www.europesays.com\/pt\/wp-json\/wp\/v2\/types\/post"}],"author":[{"embeddable":true,"href":"https:\/\/www.europesays.com\/pt\/wp-json\/wp\/v2\/users\/2"}],"replies":[{"embeddable":true,"href":"https:\/\/www.europesays.com\/pt\/wp-json\/wp\/v2\/comments?post=99122"}],"version-history":[{"count":0,"href":"https:\/\/www.europesays.com\/pt\/wp-json\/wp\/v2\/posts\/99122\/revisions"}],"wp:featuredmedia":[{"embeddable":true,"href":"https:\/\/www.europesays.com\/pt\/wp-json\/wp\/v2\/media\/99123"}],"wp:attachment":[{"href":"https:\/\/www.europesays.com\/pt\/wp-json\/wp\/v2\/media?parent=99122"}],"wp:term":[{"taxonomy":"category","embeddable":true,"href":"https:\/\/www.europesays.com\/pt\/wp-json\/wp\/v2\/categories?post=99122"},{"taxonomy":"post_tag","embeddable":true,"href":"https:\/\/www.europesays.com\/pt\/wp-json\/wp\/v2\/tags?post=99122"}],"curies":[{"name":"wp","href":"https:\/\/api.w.org\/{rel}","templated":true}]}}