{"id":99126,"date":"2025-10-05T22:27:14","date_gmt":"2025-10-05T22:27:14","guid":{"rendered":"https:\/\/www.europesays.com\/pt\/99126\/"},"modified":"2025-10-05T22:27:14","modified_gmt":"2025-10-05T22:27:14","slug":"modalisboa-estes-15-famosos-nao-se-pouparam-na-escolha-dos-looks-com-direito-a-muita-cor-e-estilo-modalisboa","status":"publish","type":"post","link":"https:\/\/www.europesays.com\/pt\/99126\/","title":{"rendered":"ModaLisboa. Estes 15 famosos n\u00e3o se pouparam na escolha dos looks (com direito a muita cor e estilo) &#8211; ModaLisboa"},"content":{"rendered":"<p>Se h\u00e1 algo que nunca falta na ModaLisboa (al\u00e9m de estilo e criatividade. claro), \u00e9 a presen\u00e7a de caras conhecidas que trazem ainda mais brilho ao evento. <\/p>\n<p>Na 65.\u00aa edi\u00e7\u00e3o, que volta a acontecer no ic\u00f3nico P\u00e1tio da Gal\u00e9, no Terreiro do Pa\u00e7o, e que este ano tem como tema BASE,<strong> as celebridades portuguesas provaram que estilo e eleg\u00e2ncia andam lado a lado com o talento e a criatividade, uma vez que muitas vestem estilistas de renome<\/strong>, e entre flashes e olhares curiosos, os convidados sabem bem o que fazem quando trazem um look mais arrojado.<\/p>\n<p><strong>Ao longo do dia, v\u00e1rias figuras p\u00fablicas passaram pelo recinto para assistir de perto \u00e0s novas cole\u00e7\u00f5es de criadores como Lu\u00eds Onofre, B\u00e9hen, Gon\u00e7alo Peixoto, Kolovrat e Carlos Gil<\/strong> &#8211; e, claro, fizeram-no vestidos a rigor. Entre propostas criativas e escolhas cl\u00e1ssicas, os looks foram pensados ao pormenor e mostraram que, mesmo fora da passerelle, a moda \u00e9 levada muito a s\u00e9rio. Afinal, num evento como a ModaLisboa, cada presen\u00e7a conta e, claro, cada outfit fala por si. <\/p>\n<p>Mel Jord\u00e3o soube fazer a escolha certa quando optou pelo vermelho, e In\u00eas Aguiar vestiu-se a rigor com um blazer cheio de detalhes da cole\u00e7\u00e3o passada de Gon\u00e7alo Peixoto precisamente para ver o desfile do designer.<\/p>\n<p>Tamb\u00e9m Alice Trewinnard esteve no P\u00e1tio da Gal\u00e9 para ver este desfile, optando por um vestido brilhante e justo para real\u00e7ar a sua barriga de gr\u00e1vida, enquanto que Pedro Crispim foi ao arm\u00e1rio buscar algumas das pe\u00e7as mais extravagantes que conseguia encontrar. Ana Rita Clara preferiu o preto, Bruna Gomes o castanho e Tiago Gra\u00e7a a ganga.<\/p>\n<p>Espreite os famosos e os seus looks.                        <\/p>\n","protected":false},"excerpt":{"rendered":"Se h\u00e1 algo que nunca falta na ModaLisboa (al\u00e9m de estilo e criatividade. claro), \u00e9 a presen\u00e7a de&hellip;\n","protected":false},"author":2,"featured_media":99127,"comment_status":"","ping_status":"","sticky":false,"template":"","format":"standard","meta":{"footnotes":""},"categories":[8],"tags":[27,28,15,16,14,25,26,21,22,12,13,19,20,32,23,24,33,17,18,29,30,31],"class_list":{"0":"post-99126","1":"post","2":"type-post","3":"status-publish","4":"format-standard","5":"has-post-thumbnail","7":"category-principais-noticias","8":"tag-breaking-news","9":"tag-breakingnews","10":"tag-featured-news","11":"tag-featurednews","12":"tag-headlines","13":"tag-latest-news","14":"tag-latestnews","15":"tag-main-news","16":"tag-mainnews","17":"tag-news","18":"tag-noticias","19":"tag-noticias-principais","20":"tag-noticiasprincipais","21":"tag-portugal","22":"tag-principais-noticias","23":"tag-principaisnoticias","24":"tag-pt","25":"tag-top-stories","26":"tag-topstories","27":"tag-ultimas","28":"tag-ultimas-noticias","29":"tag-ultimasnoticias"},"share_on_mastodon":{"url":"","error":""},"_links":{"self":[{"href":"https:\/\/www.europesays.com\/pt\/wp-json\/wp\/v2\/posts\/99126","targetHints":{"allow":["GET"]}}],"collection":[{"href":"https:\/\/www.europesays.com\/pt\/wp-json\/wp\/v2\/posts"}],"about":[{"href":"https:\/\/www.europesays.com\/pt\/wp-json\/wp\/v2\/types\/post"}],"author":[{"embeddable":true,"href":"https:\/\/www.europesays.com\/pt\/wp-json\/wp\/v2\/users\/2"}],"replies":[{"embeddable":true,"href":"https:\/\/www.europesays.com\/pt\/wp-json\/wp\/v2\/comments?post=99126"}],"version-history":[{"count":0,"href":"https:\/\/www.europesays.com\/pt\/wp-json\/wp\/v2\/posts\/99126\/revisions"}],"wp:featuredmedia":[{"embeddable":true,"href":"https:\/\/www.europesays.com\/pt\/wp-json\/wp\/v2\/media\/99127"}],"wp:attachment":[{"href":"https:\/\/www.europesays.com\/pt\/wp-json\/wp\/v2\/media?parent=99126"}],"wp:term":[{"taxonomy":"category","embeddable":true,"href":"https:\/\/www.europesays.com\/pt\/wp-json\/wp\/v2\/categories?post=99126"},{"taxonomy":"post_tag","embeddable":true,"href":"https:\/\/www.europesays.com\/pt\/wp-json\/wp\/v2\/tags?post=99126"}],"curies":[{"name":"wp","href":"https:\/\/api.w.org\/{rel}","templated":true}]}}