{"id":99132,"date":"2025-10-05T22:35:22","date_gmt":"2025-10-05T22:35:22","guid":{"rendered":"https:\/\/www.europesays.com\/pt\/99132\/"},"modified":"2025-10-05T22:35:22","modified_gmt":"2025-10-05T22:35:22","slug":"desafio-apresenta-modelo-inovador-de-previsao-de-casos-de-dengue-no-brasil-para-2026","status":"publish","type":"post","link":"https:\/\/www.europesays.com\/pt\/99132\/","title":{"rendered":"Desafio apresenta modelo inovador de previs\u00e3o de casos de dengue no Brasil para 2026"},"content":{"rendered":"<p>\t\t\t\t\t\t<img width=\"675\" height=\"900\" src=\"https:\/\/www.europesays.com\/pt\/wp-content\/uploads\/2025\/10\/675px-Aedes_aegypti_-_Dengue_Mosquito.jpg\" class=\"attachment-full size-full wp-post-image\" alt=\"\" decoding=\"async\" fetchpriority=\"high\"  \/>\t\t\t\t\t\t\t\t\t\t\t\t\tMosquito Aedes aegypti, que \u00e9 o transmissor de todas as arboviroses que atualmente circulam no pa\u00eds, como a Dengue. | Foto: Wikimedia Commons<\/p>\n<p>\t\t\t\t<a href=\"https:\/\/news.google.com\/publications\/CAAqBwgKMNikjgswkJKhAw?ceid=BR:pt-419&amp;oc=3\" target=\"_blank\" rel=\"nofollow noreferrer noopener\"><img loading=\"lazy\" width=\"300\" height=\"62\" src=\"https:\/\/www.europesays.com\/pt\/wp-content\/uploads\/2025\/07\/googlenews-btn.webp.webp\" class=\"attachment-medium size-medium\" alt=\"\" decoding=\"async\"  \/><\/a>Contribua usando o Google<br \/>\n<a href=\"https:\/\/www.catarse.me\/jornalggn\" rel=\"nofollow noopener\" target=\"_blank\"><img loading=\"lazy\" decoding=\"async\" width=\"786\" height=\"159\" src=\"https:\/\/www.europesays.com\/pt\/wp-content\/uploads\/2025\/10\/banner-ajuda-3.jpg\" alt=\"\" class=\"wp-image-728503\"  \/><\/a><\/p>\n<p>Um grupo formado por 52 pesquisadores de oito pa\u00edses \u2014 \u00c1frica do Sul, Alemanha, Ar\u00e1bia Saudita, Brasil, Espanha, Estados Unidos, It\u00e1lia e Reino Unido \u2014 trabalhou ao longo de 2025 no desenvolvimento de modelos preditivos de dengue para todos os estados brasileiros. O objetivo \u00e9 aprimorar as previs\u00f5es de epidemias da doen\u00e7a no pa\u00eds em 2026.<\/p>\n<p>A iniciativa fez parte do Sprint, um esfor\u00e7o internacional de pesquisa que resultou em um modelo coletivo (ensemble model) capaz de reunir e comparar as principais proje\u00e7\u00f5es elaboradas pelas equipes participantes. A abordagem, considerada inovadora na \u00e1rea de ci\u00eancia de dados aplicada \u00e0 sa\u00fade, tem potencial para aumentar a precis\u00e3o das previs\u00f5es e orientar decis\u00f5es estrat\u00e9gicas do Minist\u00e9rio da Sa\u00fade e de gestores p\u00fablicos.<\/p>\n<p>Apresenta\u00e7\u00e3o dos resultados<\/p>\n<p>Os resultados do Sprint ser\u00e3o apresentados no webin\u00e1rio \u201c2nd InfoDengue\u2013Mosqlimate Dengue Challenge (IMDC) \u2013 Results and forecasts for 2026\u201d, que ser\u00e1 realizado em 15 de outubro de 2025, das 10h \u00e0s 12h (hor\u00e1rio de Bras\u00edlia \u2013 GMT-3). O evento, em ingl\u00eas, \u00e9 promovido pela equipe Mosqlimate, e as inscri\u00e7\u00f5es permanecem abertas at\u00e9 o dia do encontro.<\/p>\n<p>O InfoDengue\u2013Mosqlimate Dengue Challenge (IMDC) \u00e9 um desafio internacional criado em 2024 pelos projetos InfoDengue e Mosqlimate, com apoio da Fiocruz, da Funda\u00e7\u00e3o Getulio Vargas (FGV) e de institui\u00e7\u00f5es parceiras. A a\u00e7\u00e3o tamb\u00e9m conta com o suporte da The Global Health Network Latin America and the Caribbean (TGHN LAC) e do Programa de Computa\u00e7\u00e3o Cient\u00edfica da Fiocruz (PROCC), vinculado \u00e0 Vice-presid\u00eancia de Comunica\u00e7\u00e3o, Informa\u00e7\u00e3o e Educa\u00e7\u00e3o da institui\u00e7\u00e3o.<\/p>\n<p>O objetivo principal do IMDC \u00e9 integrar dados epidemiol\u00f3gicos, demogr\u00e1ficos e clim\u00e1ticos para aprimorar as previs\u00f5es de epidemias de dengue e subsidiar pol\u00edticas p\u00fablicas de sa\u00fade.<\/p>\n<p>Participa\u00e7\u00e3o internacional<\/p>\n<p>No Sprint, 15 equipes de pesquisa apresentaram 19 modelos diferentes de previs\u00e3o de casos de dengue no Brasil. As institui\u00e7\u00f5es brasileiras envolvidas foram: Fiocruz, Funda\u00e7\u00e3o Getulio Vargas (FGV), Instituto de Matem\u00e1tica Pura e Aplicada (IMPA-Tech), Universidade do Estado do Rio de Janeiro (UERJ) e Universidade Federal do Rio Grande do Norte (UFRN).<\/p>\n<p>Entre os centros de pesquisa internacionais, participaram o Centro para Resposta e Inova\u00e7\u00e3o em Epidemias (CERI), da \u00c1frica do Sul; o Instituto Robert Koch, da Alemanha; a Universidade de Ci\u00eancia e Tecnologia Rei Abdullah (KAUST), da Ar\u00e1bia Saudita; o Centro de Supercomputa\u00e7\u00e3o de Barcelona (BSC), da Espanha; as Universidades Cornell e Estadual de Oklahoma (OSU), dos Estados Unidos; o Instituto para o Interc\u00e2mbio Cient\u00edfico (ISI), da It\u00e1lia; e o Imperial College London (ICL), do Reino Unido.<\/p>\n<p>Al\u00e9m da apresenta\u00e7\u00e3o de 15 de outubro, o InfoDengue e o Mosqlimate promovem, no dia 31 de outubro de 2025, o webin\u00e1rio \u201cPrepara\u00e7\u00e3o para a temporada de dengue 2026: perspectivas de modelos preditivos\u201d, que abordar\u00e1 as proje\u00e7\u00f5es finais do modelo coletivo.<\/p>\n<p>Servi\u00e7o<\/p>\n<p><strong>Data:<\/strong> 15 de outubro de 2025<br \/><strong>Hor\u00e1rio:<\/strong> 10h \u00e0s 12h (hor\u00e1rio de Bras\u00edlia \u2013 GMT-3)<br \/>Evento online, em ingl\u00eas<br \/><strong>Inscri\u00e7\u00f5es: <\/strong>sprint.mosqlimate.org<\/p>\n<p><strong>Palestrantes convidados:<\/strong><\/p>\n<p><strong>Flavio Code\u00e7o Coelho<\/strong>: Professor da Escola de Matem\u00e1tica Aplicada da FGV e pesquisador em modelagem de epidemias e an\u00e1lise de dados complexos.<\/p>\n<p><strong>Eduardo Ara\u00fajo:<\/strong> Pesquisador em forma\u00e7\u00e3o pela FGV, com experi\u00eancia em modelagem matem\u00e1tica de doen\u00e7as infecciosas.<\/p>\n<p><strong>Fabiana Ganem: <\/strong>Pesquisadora da FGV, especializada em an\u00e1lise de dados epidemiol\u00f3gicos e modelagem preditiva em sa\u00fade.<\/p>\n<p><strong>LEIA TAMB\u00c9M:<\/strong><\/p>\n<p>\t\tVoc\u00ea pode fazer o Jornal GGN ser cada vez melhor.<\/p>\n<p>Apoie e fa\u00e7a parte desta caminhada para que ele se torne um ve\u00edculo cada vez mais respeitado e forte.<\/p>\n<p>\t\t<a href=\"https:\/\/jornalggn.com.br\/apoie\/\" class=\"apoiador-cta-btn\" rel=\"nofollow noopener\" target=\"_blank\">Seja um apoiador<\/a><\/p>\n<p>\t\t\t<img loading=\"lazy\" decoding=\"async\" src=\"https:\/\/www.europesays.com\/pt\/wp-content\/uploads\/2025\/07\/share.png\" class=\"icon-share\" width=\"25\" height=\"25\"\/>Compartilhar<\/p>\n<p>\t\t\tCompartilhar no Facebook<\/p>\n<p>\t\t\tTweetar<\/p>\n<p>\t\t\tCompartilhe no Bluesky<\/p>\n<p>\t\t\tEnviar pelo WhatsApp<\/p>\n<p>\t\t\tEnviar por e-mail<\/p>\n","protected":false},"excerpt":{"rendered":"Mosquito Aedes aegypti, que \u00e9 o transmissor de todas as arboviroses que atualmente circulam no pa\u00eds, como a&hellip;\n","protected":false},"author":2,"featured_media":99133,"comment_status":"","ping_status":"","sticky":false,"template":"","format":"standard","meta":{"footnotes":""},"categories":[86],"tags":[116,24284,32,33,117],"class_list":{"0":"post-99132","1":"post","2":"type-post","3":"status-publish","4":"format-standard","5":"has-post-thumbnail","7":"category-saude","8":"tag-health","9":"tag-observatu00f3rio-da-sau00fade","10":"tag-portugal","11":"tag-pt","12":"tag-saude"},"share_on_mastodon":{"url":"","error":""},"_links":{"self":[{"href":"https:\/\/www.europesays.com\/pt\/wp-json\/wp\/v2\/posts\/99132","targetHints":{"allow":["GET"]}}],"collection":[{"href":"https:\/\/www.europesays.com\/pt\/wp-json\/wp\/v2\/posts"}],"about":[{"href":"https:\/\/www.europesays.com\/pt\/wp-json\/wp\/v2\/types\/post"}],"author":[{"embeddable":true,"href":"https:\/\/www.europesays.com\/pt\/wp-json\/wp\/v2\/users\/2"}],"replies":[{"embeddable":true,"href":"https:\/\/www.europesays.com\/pt\/wp-json\/wp\/v2\/comments?post=99132"}],"version-history":[{"count":0,"href":"https:\/\/www.europesays.com\/pt\/wp-json\/wp\/v2\/posts\/99132\/revisions"}],"wp:featuredmedia":[{"embeddable":true,"href":"https:\/\/www.europesays.com\/pt\/wp-json\/wp\/v2\/media\/99133"}],"wp:attachment":[{"href":"https:\/\/www.europesays.com\/pt\/wp-json\/wp\/v2\/media?parent=99132"}],"wp:term":[{"taxonomy":"category","embeddable":true,"href":"https:\/\/www.europesays.com\/pt\/wp-json\/wp\/v2\/categories?post=99132"},{"taxonomy":"post_tag","embeddable":true,"href":"https:\/\/www.europesays.com\/pt\/wp-json\/wp\/v2\/tags?post=99132"}],"curies":[{"name":"wp","href":"https:\/\/api.w.org\/{rel}","templated":true}]}}