{"id":99163,"date":"2025-10-05T23:23:20","date_gmt":"2025-10-05T23:23:20","guid":{"rendered":"https:\/\/www.europesays.com\/pt\/99163\/"},"modified":"2025-10-05T23:23:20","modified_gmt":"2025-10-05T23:23:20","slug":"benfica-b-penafiel-7-jornada-liga-2","status":"publish","type":"post","link":"https:\/\/www.europesays.com\/pt\/99163\/","title":{"rendered":"Benfica B Penafiel 7 Jornada Liga 2"},"content":{"rendered":"<p>                            <strong>RESUMO DO JOGO<\/strong><\/p>\n<tr style=\"background-color: white; border-bottom: 1px solid white;\">\n<td style=\"font-weight: bold; font-size: 30px;\" colspan=\"2\">Liga 2<\/td>\n<\/tr>\n<tr>\n<td colspan=\"2\">7.\u00aa jornada<\/td>\n<\/tr>\n<tr>\n<td style=\"padding: 10px 0; background-color: #f2f2f2!important;\" colspan=\"2\">\n<p><strong>RESULTADO FINAL<br \/>INT: 0-0<\/strong><\/p>\n<\/td>\n<\/tr>\n<tr class=\"red\">\n<td style=\"font-size: 20px;\"><strong>Benfica B<\/strong><\/td>\n<td style=\"border-right: 1px solid #f4f4f4; font-size: 55px;\"><strong>0<\/strong><\/td>\n<\/tr>\n<tr>\n<td style=\"font-size: 20px;\"><strong>Penafiel<\/strong><\/td>\n<td style=\"border-right: 1px solid #f4f4f4; font-size: 55px;\"><strong>2<\/strong><\/td>\n<\/tr>\n<tr>\n<td style=\"background-color: #f2f2f2!important;\" colspan=\"2\"><strong>Marcadores<\/strong><\/td>\n<\/tr>\n<tr>\n<td style=\"border-right: 1px solid #f4f4f4;\"\/>\n<td>Reko 70&#8242; gp<br \/>Ra\u00fal Alcaina 74&#8242;<\/td>\n<\/tr>\n<p>Neste domingo, 5 de outubro, num desafio da 7.\u00aa jornada da Liga 2 disputado no Benfica Campus (Campo n.\u00ba 1), o <a href=\"https:\/\/www.slbenfica.pt\/pt-pt\/futebol-formacao\/equipa-b\" rel=\"nofollow noopener\" target=\"_blank\"><strong>Benfica B<\/strong><\/a> perdeu frente ao Penafiel, por 0-2.<\/p>\n<p><strong>Mich\u00e9e Ndembi<\/strong> realizou a sua <strong>estreia absoluta na equipa B encarnada<\/strong>, e logo a titular, num onze inicial composto tamb\u00e9m por <strong>Ricardo Ribeiro, Leandro Santos, Rui Silva, Tiago Parente, Tom\u00e1s Cruz, Diogo Prioste, Gon\u00e7alo Moreira, Rodrigo R\u00eago, Ol\u00edvio Tom\u00e9 e Jelani Trevisan<\/strong>.<\/p>\n<p>Logo aos 2&#8242;, <strong>Jelani Trevisan<\/strong> <strong>quase alcan\u00e7ou um perigoso cruzamento<\/strong> rasteiro de <strong>Ol\u00edvio Tom\u00e9<\/strong>, a partir da esquerda. Cinco minutos depois (7&#8242;), o ponta de lan\u00e7a belga <strong>atirou desenquadrado<\/strong>, em posi\u00e7\u00e3o exterior.<\/p>\n<p><img decoding=\"async\" src=\"https:\/\/www.europesays.com\/pt\/wp-content\/uploads\/2025\/10\/trevisan-thumbnail.jpg\" alt=\"Benfica B-Penafiel\" width=\"926px\" height=\"522px\"\/><\/p>\n<p>R\u00faben Alves tamb\u00e9m <strong>tentou a sua sorte de longe<\/strong> aos 15&#8242;, mas o desfecho foi id\u00eantico. O remate seguinte dos visitantes foi da autoria de Gon\u00e7alo Negr\u00e3o, o qual <strong>sofreu um desvio e saiu ao lado<\/strong>, aos 22&#8242;.<\/p>\n<p>A primeira <strong>real amea\u00e7a<\/strong> verificou-se apenas no 27.\u00ba minuto. <strong>Gon\u00e7alo Moreira<\/strong> correspondeu a um cruzamento de <strong>Ol\u00edvio Tom\u00e9<\/strong>, \u00e0 esquerda, com um cabeceamento colocado, afastado por Joan Femen\u00edas com uma <strong>enorme interven\u00e7\u00e3o<\/strong>. Na ressaca do canto consequente (28&#8242;), o <strong>m\u00e9dio disparou para fora<\/strong>, \u00e0 entrada da \u00e1rea.<\/p>\n<p>\u00c0 passagem dos 34&#8242;, <strong>Gon\u00e7alo Moreira<\/strong> voltou a ficar muito pr\u00f3ximo de marcar de cabe\u00e7a. Desta feita, em resposta a um cruzamento de <strong>Rodrigo R\u00eago<\/strong>, pela direita, o <strong>esf\u00e9rico rasou o poste<\/strong>.<\/p>\n<p><img decoding=\"async\" src=\"https:\/\/www.europesays.com\/pt\/wp-content\/uploads\/2025\/10\/goncalo-moreira-thumbnail.jpg\" alt=\"Benfica B-Penafiel\" width=\"926px\" height=\"522px\"\/><\/p>\n<p>O Benfica B estava por cima, e, aos 37&#8242;, <strong>Jelani Trevisan<\/strong>, em boa posi\u00e7\u00e3o na \u00e1rea, <strong>finalizou ao lado<\/strong>. J\u00e1 no \u00faltimo remate do 1.\u00ba tempo, aos 45&#8242;, <strong>Gon\u00e7alo Moreira errou o alvo<\/strong>, novamente \u00e0 entrada da \u00e1rea.<\/p>\n<p>No arranque da etapa posterior, o Penafiel criou mais perigo do que em toda a etapa inaugural. De \u00e2ngulo reduzido, Gon\u00e7alo Negr\u00e3o for\u00e7ou <strong>Ricardo Ribeiro a uma defesa atenta com os p\u00e9s<\/strong> (46&#8242;), e Ra\u00fal Alcaina <strong>cabeceou ao lado<\/strong> (48&#8242;).<\/p>\n<p>Na resposta, <strong>Leandro Santos<\/strong>, de fora da \u00e1rea, atirou <strong>ligeiramente ao lado<\/strong>, \u00e0 passagem dos 53&#8242;. Dois minutos depois (55&#8242;), em mais uma incurs\u00e3o ofensiva, <strong>Gon\u00e7alo Moreira<\/strong>, \u00e0 esquerda da \u00e1rea, <strong>rematou para fora<\/strong>.<\/p>\n<p><img decoding=\"async\" src=\"https:\/\/www.europesays.com\/pt\/wp-content\/uploads\/2025\/10\/leandro-santos-thumbnail.jpg\" alt=\"Benfica B-Penafiel\" width=\"926px\" height=\"522px\"\/><\/p>\n<p>Aos 64&#8242;, o jogo teve um rev\u00e9s decisivo. Na sequ\u00eancia de uma dividida entre Ra\u00fal Alcaina e <strong>Francisco Neto<\/strong>, na qual o <strong>extremo encarnado parece ser derrubado \u00e0 margem das leis<\/strong>, o \u00e1rbitro assinalou uma falta de <strong>Tiago Parente<\/strong> perto da \u00e1rea benfiquista, mostrando o <strong>cart\u00e3o amarelo<\/strong> ao defesa.<\/p>\n<p>No livre consequente, o juiz apontou para a <strong>marca dos 11 metros<\/strong> e exibiu o <strong>segundo cart\u00e3o amarelo (expuls\u00e3o) a Tiago Parente<\/strong>, ap\u00f3s um duelo na \u00e1rea. Na cobran\u00e7a do <strong>pen\u00e1lti<\/strong>, aos 70&#8242;, Reko fez o <strong>0-1<\/strong>.<\/p>\n<p>Moralizado e em superioridade num\u00e9rica, o <strong>Penafiel dilatou a vantagem<\/strong> quatro minutos depois (74&#8242;), j\u00e1 ap\u00f3s Pedro S\u00e1 cabecear ao lado (72&#8242;). Isolado e lan\u00e7ado na profundidade, Ra\u00fal Alcaina atirou a contar perante Ricardo Ribeiro (<strong>0-2<\/strong>).<\/p>\n<p><img decoding=\"async\" src=\"https:\/\/www.europesays.com\/pt\/wp-content\/uploads\/2025\/10\/michee-ndembi-thumbnail.jpg\" alt=\"Benfica B-Penafiel\" width=\"926px\" height=\"522px\"\/><\/p>\n<p>At\u00e9 ao apito final, os durienses dispuseram de <strong>ocasi\u00f5es para alargar o desn\u00edvel<\/strong>, mas <strong>Ricardo Ribeiro<\/strong> travou tentativas de \u00c1lvaro Santos, Davo e Jota Silva (79&#8242;, 90&#8217;+3&#8242; e 90&#8217;+4&#8242;), e Pedro Vieira e Bruno Pereira <strong>erraram o alvo<\/strong> (90&#8217;+4&#8242; e 90&#8217;+6&#8242;).<\/p>\n<p>Na baliza oposta, <strong>Jos\u00e9 Melro<\/strong> rematou rasteiro para <strong>boa defesa<\/strong> de Joan Femen\u00edas, aos 90&#8242;. Deste modo, o <strong>resultado n\u00e3o sofreu mais altera\u00e7\u00f5es<\/strong>.<\/p>\n<p>Na pr\u00f3xima jornada, <strong>o Benfica B desloca-se ao recinto do Feirense<\/strong>, num jogo ainda com data a definir.<\/p>\n<p><img decoding=\"async\" src=\"https:\/\/www.europesays.com\/pt\/wp-content\/uploads\/2025\/10\/nelson-verissimo-thumbnail.jpg\" alt=\"Benfica B-Penafiel\" height=\"522px\" width=\"926px\"\/><\/p>\n<p><strong>DECLARA\u00c7\u00d5ES<\/strong><\/p>\n<p><strong>N\u00e9lson Ver\u00edssimo (treinador do Benfica B)<\/strong>: &#8220;Acima de tudo, faltou-nos concretizar. Realmente, o jogo tem duas partes distintas, e n\u00e3o \u00e9 a 1.\u00aa parte nem a 2.\u00aa, \u00e9 o jogo at\u00e9 \u00e0 marca\u00e7\u00e3o do pen\u00e1lti e o que depois acontece a seguir. Acho que entr\u00e1mos muito bem, uma equipa confiante naquilo que est\u00e1 a fazer, boa qualidade no seu jogo posicional, a chegar ao \u00faltimo ter\u00e7o, a rematar \u00e0 baliza\u2026 Acab\u00e1mos por fazer um jogo consistente naquilo que foi o nosso jogo com bola e tamb\u00e9m nos momentos de organiza\u00e7\u00e3o defensiva. Ao intervalo, foi passar uma mensagem de confian\u00e7a e um ou outro ajuste que t\u00ednhamos de passar em fun\u00e7\u00e3o do que tinha sido a 1.\u00aa parte. N\u00e3o entr\u00e1mos t\u00e3o bem como na 1.\u00aa parte, mas, ainda assim, a ter posse de bola, a dominar, na minha opini\u00e3o, o jogo. Depois h\u00e1 efetivamente o lance do pen\u00e1lti, que \u00e9 um erro da equipa. Pod\u00edamos ter resolvido num primeiro momento, no momento da transi\u00e7\u00e3o, pod\u00edamos ter libertado a bola mais cedo. \u00c9 um erro que acaba por penalizar muito a equipa num primeiro momento, que \u00e9 jogar com menos um jogador, e depois no segundo, que \u00e9 o pen\u00e1lti. N\u00f3s temos sido penalizados por culpa pr\u00f3pria, pelos erros que vamos cometendo ao longo destes jogos, e que depois acabam por tirar a tranquilidade e a serenidade da equipa para abordar o resto do jogo. Foi o que aconteceu hoje. Com menos um e em desvantagem, a equipa exp\u00f4s-se mais. O pr\u00f3prio segundo golo tamb\u00e9m pod\u00edamos ter resolvido de maneira diferente. O que n\u00f3s temos de fazer \u00e9 passar uma mensagem de confian\u00e7a, mas, acima de tudo, tamb\u00e9m aprender com os erros que temos cometido. E os erros que temos cometido nos \u00faltimos jogos acabam por ser muito penalizadores em fun\u00e7\u00e3o daquilo que a equipa tem vindo a produzir. Penalizam-nos pelos golos sofridos e tamb\u00e9m pela desvantagem em termos num\u00e9ricos. Isso acaba por fazer toda a diferen\u00e7a num jogo que \u00e9 contra homens e que \u00e9 completamente diferente do jogo que os nossos jogadores estavam, at\u00e9 ao in\u00edcio desta \u00e9poca, mais habituados a fazer. De qualquer forma, \u00e9 mais uma etapa no processo de crescimento. Temos de ser corajosos e perceber que \u00e9 com os erros que conseguimos crescer e evoluir. N\u00e3o nos podemos agarrar a desculpas. J\u00e1 passei essa mensagem aos jogadores. O \u00e1rbitro podia ter tido uma exibi\u00e7\u00e3o diferente? Podia. O crit\u00e9rio foi largo? Foi. De qualquer forma, hoje n\u00e3o perdemos fruto daquilo que foram as decis\u00f5es do \u00e1rbitro. Temos de olhar muito para n\u00f3s, n\u00e3o arranjar desculpas e continuar no processo de desenvolvimento da equipa, sabendo que, jogo ap\u00f3s jogo, n\u00f3s temos de ter capacidade de aprendizagem e cometer cada vez menos erros, individuais e coletivos.&#8221;<\/p>\n<p><img decoding=\"async\" src=\"https:\/\/www.europesays.com\/pt\/wp-content\/uploads\/2025\/10\/tomas-cruz-thumbnail.jpg\" alt=\"Benfica B-Penafiel\" height=\"522px\" width=\"926px\"\/><\/p>\n<p><strong>Tom\u00e1s Cruz (m\u00e9dio do Benfica B)<\/strong>: &#8220;Acho que foi uma 1.\u00aa parte em que n\u00f3s domin\u00e1mos completamente, tivemos muitos remates, mas faltou o golo, faltou um bocado a efic\u00e1cia. \u00c9 claro que depois de uma expuls\u00e3o \u00e9 sempre dif\u00edcil tentar ganhar o jogo, mas n\u00f3s demos o melhor de n\u00f3s e temos de nos preparar ainda melhor para o pr\u00f3ximo jogo. Sabemos perfeitamente o clube que representamos, uma derrota ser\u00e1 sempre dif\u00edcil para n\u00f3s, mas \u00e9 como acabei de dizer, uma expuls\u00e3o prejudicou-nos bastante, e temos agora \u00e9 de estar preparados para o pr\u00f3ximo desafio.&#8221;<\/p>\n<p><img decoding=\"async\" src=\"https:\/\/www.europesays.com\/pt\/wp-content\/uploads\/2025\/10\/onze-thumbnail.jpg\" alt=\"Benfica B-Penafiel\" width=\"926px\" height=\"522px\"\/><\/p>\n<tr>\n<td style=\"background-color: #f2f2f2!important;\" colspan=\"3\"><strong>Liga 2 | 7.\u00aa jornada | 05\/10\/2025<\/strong><\/td>\n<\/tr>\n<tr style=\"background-color: #ffffff;\">\n<td style=\"font-size: 25px !important; font-weight: 500; padding: 0 0 20px;\" colspan=\"3\">Benfica B-Penafiel<br \/>0-2<br \/>Benfica Campus (Campo n.\u00ba 1)<\/td>\n<\/tr>\n<tr>\n<td style=\"background-color: #f2f2f2!important;\" colspan=\"3\"><strong>Onze do Benfica B<\/strong><\/td>\n<\/tr>\n<tr>\n<td style=\"padding: 15px 20px;\" colspan=\"3\">Ricardo Ribeiro, Leandro Santos, Rui Silva, Mich\u00e9e Ndembi (Tiago Freitas, 85&#8242;), Tiago Parente, Tom\u00e1s Cruz, Diogo Prioste, Gon\u00e7alo Moreira (Jose Melro, 76&#8242;), Rodrigo R\u00eago (Francisco Silva, 61&#8242;), Ol\u00edvio Tom\u00e9 (Eduardo Fernandes, 61&#8242;) e Jelani Trevisan (Francisco Neto, 61&#8242;)<\/td>\n<\/tr>\n<tr>\n<td style=\"background-color: #f2f2f2!important;\" colspan=\"3\"><strong>Suplentes<\/strong><\/td>\n<\/tr>\n<tr>\n<td style=\"padding: 15px 20px;\" colspan=\"3\">Gon\u00e7alo Sobral, Francisco Neto (61&#8242;), Miguel Figueiredo, Kevin Pinto, Martim Ferreira, Tiago Freitas (85&#8242;), Francisco Silva (61&#8242;), Jos\u00e9 Melro (76&#8242;) e Eduardo Fernandes (61&#8242;)<\/td>\n<\/tr>\n<tr>\n<td style=\"background-color: #f2f2f2!important;\" colspan=\"3\"><strong>Treinador do Benfica B<\/strong><\/td>\n<\/tr>\n<tr>\n<td style=\"padding: 15px 20px;\" colspan=\"3\">N\u00e9lson Ver\u00edssimo<\/td>\n<\/tr>\n<tr>\n<td style=\"background-color: #f2f2f2!important;\" colspan=\"3\"><strong>Onze do Penafiel<\/strong><\/td>\n<\/tr>\n<tr>\n<td style=\"padding: 15px 20px;\" colspan=\"3\">Joan Femen\u00edas, Francisco Ferreira, Jo\u00e3o Miguel, Cl\u00e1udio Silva, Negr\u00e3o (Antonio Rey, 61&#8242;), Pedro S\u00e1 (Meireles Injai, 86&#8242;), R\u00faben Alves (Ibrahima Kebe, 76&#8242;), Reko, Bruno Pereira, Ra\u00fal Alcaina (Pedro Vieira, 76&#8242;) e \u00c1lvaro Santos (Jota Silva, 86&#8242;)<\/td>\n<\/tr>\n<tr>\n<td style=\"background-color: #f2f2f2!important;\" colspan=\"3\"><strong>Suplentes<\/strong><\/td>\n<\/tr>\n<tr>\n<td style=\"padding: 15px 20px;\" colspan=\"3\">Manuel Bald\u00e9, Gustavo Fernandes, Pedro Vieira (76&#8242;), Jota Silva (86&#8242;), Ibrahima Kebe (76&#8242;), Antonio Rey (61&#8242;), Meireles Injai (86&#8242;), Teddy Alloh e Joseph Sery<\/td>\n<\/tr>\n<tr>\n<td style=\"border-right: 1px solid #f4f4f4;\" colspan=\"2\"><strong>Ao intervalo<\/strong><\/td>\n<td colspan=\"1\">0-0<\/td>\n<\/tr>\n<tr>\n<td style=\"background-color: #f2f2f2!important;\" colspan=\"3\"><strong>Golos<\/strong><\/td>\n<\/tr>\n<tr>\n<td colspan=\"3\">\u00a0Penafiel: Reko (70&#8242; gp) e Ra\u00fal Alcaina (74&#8242;)<\/td>\n<\/tr>\n<tr>\n<td style=\"background-color: #f2f2f2!important;\" colspan=\"3\"><strong>Boletim cl\u00ednico do Benfica B<\/strong><\/td>\n<\/tr>\n<tr>\n<td colspan=\"3\">Alexander Sandahl (traumatismo no punho direito); Arnas Voitinovicius (status p\u00f3s-cir\u00fargico a les\u00e3o meniscal no joelho esquerdo); Federico Coletta (luxa\u00e7\u00e3o no ombro direito); Jo\u00e3o Fonseca (entorse na tibiot\u00e1rsica direita)<\/td>\n<\/tr>\n<tr>\n<td style=\"background-color: #f2f2f2!important;\" colspan=\"3\"><strong>Factos relevantes<\/strong><\/td>\n<\/tr>\n<tr>\n<td colspan=\"3\"><strong>Benfica B:<\/strong>\u00a0Duplo amarelo e consequente vermelho a Tiago Parente (64&#8242; e 67&#8242;)<\/td>\n<\/tr>\n","protected":false},"excerpt":{"rendered":"RESUMO DO JOGO Liga 2 7.\u00aa jornada RESULTADO FINALINT: 0-0 Benfica B 0 Penafiel 2 Marcadores Reko 70&#8242;&hellip;\n","protected":false},"author":2,"featured_media":99164,"comment_status":"","ping_status":"","sticky":false,"template":"","format":"standard","meta":{"footnotes":""},"categories":[8],"tags":[27,28,15,16,14,25,26,21,22,12,13,19,20,32,23,24,33,17,18,29,30,31],"class_list":{"0":"post-99163","1":"post","2":"type-post","3":"status-publish","4":"format-standard","5":"has-post-thumbnail","7":"category-principais-noticias","8":"tag-breaking-news","9":"tag-breakingnews","10":"tag-featured-news","11":"tag-featurednews","12":"tag-headlines","13":"tag-latest-news","14":"tag-latestnews","15":"tag-main-news","16":"tag-mainnews","17":"tag-news","18":"tag-noticias","19":"tag-noticias-principais","20":"tag-noticiasprincipais","21":"tag-portugal","22":"tag-principais-noticias","23":"tag-principaisnoticias","24":"tag-pt","25":"tag-top-stories","26":"tag-topstories","27":"tag-ultimas","28":"tag-ultimas-noticias","29":"tag-ultimasnoticias"},"share_on_mastodon":{"url":"","error":""},"_links":{"self":[{"href":"https:\/\/www.europesays.com\/pt\/wp-json\/wp\/v2\/posts\/99163","targetHints":{"allow":["GET"]}}],"collection":[{"href":"https:\/\/www.europesays.com\/pt\/wp-json\/wp\/v2\/posts"}],"about":[{"href":"https:\/\/www.europesays.com\/pt\/wp-json\/wp\/v2\/types\/post"}],"author":[{"embeddable":true,"href":"https:\/\/www.europesays.com\/pt\/wp-json\/wp\/v2\/users\/2"}],"replies":[{"embeddable":true,"href":"https:\/\/www.europesays.com\/pt\/wp-json\/wp\/v2\/comments?post=99163"}],"version-history":[{"count":0,"href":"https:\/\/www.europesays.com\/pt\/wp-json\/wp\/v2\/posts\/99163\/revisions"}],"wp:featuredmedia":[{"embeddable":true,"href":"https:\/\/www.europesays.com\/pt\/wp-json\/wp\/v2\/media\/99164"}],"wp:attachment":[{"href":"https:\/\/www.europesays.com\/pt\/wp-json\/wp\/v2\/media?parent=99163"}],"wp:term":[{"taxonomy":"category","embeddable":true,"href":"https:\/\/www.europesays.com\/pt\/wp-json\/wp\/v2\/categories?post=99163"},{"taxonomy":"post_tag","embeddable":true,"href":"https:\/\/www.europesays.com\/pt\/wp-json\/wp\/v2\/tags?post=99163"}],"curies":[{"name":"wp","href":"https:\/\/api.w.org\/{rel}","templated":true}]}}