{"id":99169,"date":"2025-10-05T23:33:07","date_gmt":"2025-10-05T23:33:07","guid":{"rendered":"https:\/\/www.europesays.com\/pt\/99169\/"},"modified":"2025-10-05T23:33:07","modified_gmt":"2025-10-05T23:33:07","slug":"superlua-de-outubro-vai-ser-facil-de-fotografar-e-promete-um-espetaculo-raro-e-inesquecivel-no-ceu","status":"publish","type":"post","link":"https:\/\/www.europesays.com\/pt\/99169\/","title":{"rendered":"Superlua de outubro vai ser f\u00e1cil de fotografar e promete um espet\u00e1culo raro e inesquec\u00edvel no c\u00e9u"},"content":{"rendered":"<p>Observar o c\u00e9u noturno sempre fascinou a humanidade, despertando imagina\u00e7\u00e3o e curiosidade sobre o vasto universo que nos cerca. Entre os diversos fen\u00f4menos celestes que atraem entusiastas, a Superlua da Colheita em 2025 se destaca por seu brilho especial.<\/p>\n<p>Esse evento ocorre quando a lua cheia coincide com o momento em que a Lua est\u00e1 mais pr\u00f3xima da Terra, conhecida como perigeu. O fen\u00f4meno faz o sat\u00e9lite parecer maior e mais brilhante do que o habitual.<\/p>\n<p>O que \u00e9 a superlua da colheita?<\/p>\n<p>O termo \u201csuperlua\u201d descreve uma lua cheia que ocorre durante o perigeu lunar, deixando a Lua at\u00e9 14% maior e 30% mais brilhante. Em 2025, a Superlua da Colheita \u00e9 aguardada especialmente pela sua ocorr\u00eancia no in\u00edcio de outubro.<\/p>\n<p>A Superlua da Colheita, chamada tamb\u00e9m de Lua do Milho, remete \u00e0 tradi\u00e7\u00e3o agr\u00edcola \u2014 era nessa \u00e9poca que antigas civiliza\u00e7\u00f5es colhiam ab\u00f3bora, feij\u00e3o, milho e arroz selvagem, aproveitando a claridade extra da lua cheia pr\u00f3xima ao equin\u00f3cio de outono.<\/p>\n<p>Por que observar a superlua?<\/p>\n<p>Observar a superlua \u00e9 uma \u00f3tima oportunidade para fot\u00f3grafos e <a href=\"https:\/\/www.tupi.fm\/entretenimento\/eclipse-solar-raro-vai-deixar-o-ceu-diferente-por-quase-7-minutos\/\" target=\"_blank\" rel=\"noreferrer noopener nofollow\">amantes da astronomia<\/a> registrarem imagens incr\u00edveis. O evento tamb\u00e9m inspira uma conex\u00e3o com o cosmos e promove momentos de aprecia\u00e7\u00e3o da beleza natural.<\/p>\n<p>Neste ano, a Superlua da Colheita ter\u00e1 seu pico de visibilidade nas primeiras horas do dia 7 de outubro. Locais afastados da polui\u00e7\u00e3o luminosa prometem uma experi\u00eancia ainda mais marcante para os observadores.<\/p>\n<p><img loading=\"lazy\" decoding=\"async\" width=\"1024\" height=\"576\" src=\"data:image\/svg+xml,%3Csvg%20xmlns=\" http:=\"\" alt=\"Superlua de outubro vai ser f\u00e1cil de fotografar e promete um espet\u00e1culo raro e inesquec\u00edvel no c\u00e9u\" class=\"wp-image-2173203\" data-lazy- data-lazy- data-lazy-src=\"https:\/\/www.europesays.com\/pt\/wp-content\/uploads\/2025\/10\/super-lua_1759702840940-1024x576.jpg\"\/>Essa superlua vai parecer maior e mais brilhante e pode ser vista f\u00e1cil longe das luzes da cidade (Cr\u00e9ditos: depositphotos.com \/ kdshutterman)<\/p>\n<p>Como aproveitar ao m\u00e1ximo a superlua da colheita?<\/p>\n<p>Para uma boa observa\u00e7\u00e3o, escolha locais distantes das luzes artificiais e, se poss\u00edvel, \u00e1reas elevadas. A experi\u00eancia \u00e9 ainda mais intensa em ambientes naturais ou rurais, longe das cidades.<\/p>\n<ul class=\"wp-block-list\">\n<li>Use c\u00e2meras com lentes potentes ou celulares bons para registrar imagens.<\/li>\n<li>Leve bin\u00f3culos ou telesc\u00f3pios para ampliar detalhes da superf\u00edcie lunar.<\/li>\n<li>Consulte apps de astronomia para saber o melhor hor\u00e1rio e posi\u00e7\u00e3o da Lua.<\/li>\n<\/ul>\n<p>H\u00e1 mais superluas a caminho?<\/p>\n<p>Al\u00e9m da Lua da Colheita, 2025 trar\u00e1 outras superluas, proporcionando aos entusiastas novas chances de admirar fen\u00f4menos lunares. Esses eventos enriquecem a experi\u00eancia de observar o c\u00e9u ao longo do ano.<\/p>\n<p>As superluas despertam interesse por <a href=\"https:\/\/www.nasa.gov\/\" target=\"_blank\" rel=\"noreferrer noopener nofollow\">fen\u00f4menos astron\u00f4micos<\/a> e favorecem a educa\u00e7\u00e3o cient\u00edfica. Elas tamb\u00e9m incentivam a curiosidade sobre os ciclos naturais e nosso lugar no universo.<\/p>\n","protected":false},"excerpt":{"rendered":"Observar o c\u00e9u noturno sempre fascinou a humanidade, despertando imagina\u00e7\u00e3o e curiosidade sobre o vasto universo que nos&hellip;\n","protected":false},"author":2,"featured_media":99170,"comment_status":"","ping_status":"","sticky":false,"template":"","format":"standard","meta":{"footnotes":""},"categories":[84],"tags":[7480,109,107,108,24287,24290,24289,24286,24288,24292,23058,32,20451,33,24291,105,103,104,12747,23625,106,110,24294,24285,24293],"class_list":{"0":"post-99169","1":"post","2":"type-post","3":"status-publish","4":"format-standard","5":"has-post-thumbnail","7":"category-ciencia-e-tecnologia","8":"tag-c","9":"tag-ciencia","10":"tag-ciencia-e-tecnologia","11":"tag-cienciaetecnologia","12":"tag-cil","13":"tag-culo","14":"tag-espet","15":"tag-f","16":"tag-fotografar","17":"tag-inesquec","18":"tag-outubro","19":"tag-portugal","20":"tag-promete","21":"tag-pt","22":"tag-raro","23":"tag-science","24":"tag-science-and-technology","25":"tag-scienceandtechnology","26":"tag-ser","27":"tag-superlua","28":"tag-technology","29":"tag-tecnologia","30":"tag-u","31":"tag-vai","32":"tag-vel"},"share_on_mastodon":{"url":"","error":""},"_links":{"self":[{"href":"https:\/\/www.europesays.com\/pt\/wp-json\/wp\/v2\/posts\/99169","targetHints":{"allow":["GET"]}}],"collection":[{"href":"https:\/\/www.europesays.com\/pt\/wp-json\/wp\/v2\/posts"}],"about":[{"href":"https:\/\/www.europesays.com\/pt\/wp-json\/wp\/v2\/types\/post"}],"author":[{"embeddable":true,"href":"https:\/\/www.europesays.com\/pt\/wp-json\/wp\/v2\/users\/2"}],"replies":[{"embeddable":true,"href":"https:\/\/www.europesays.com\/pt\/wp-json\/wp\/v2\/comments?post=99169"}],"version-history":[{"count":0,"href":"https:\/\/www.europesays.com\/pt\/wp-json\/wp\/v2\/posts\/99169\/revisions"}],"wp:featuredmedia":[{"embeddable":true,"href":"https:\/\/www.europesays.com\/pt\/wp-json\/wp\/v2\/media\/99170"}],"wp:attachment":[{"href":"https:\/\/www.europesays.com\/pt\/wp-json\/wp\/v2\/media?parent=99169"}],"wp:term":[{"taxonomy":"category","embeddable":true,"href":"https:\/\/www.europesays.com\/pt\/wp-json\/wp\/v2\/categories?post=99169"},{"taxonomy":"post_tag","embeddable":true,"href":"https:\/\/www.europesays.com\/pt\/wp-json\/wp\/v2\/tags?post=99169"}],"curies":[{"name":"wp","href":"https:\/\/api.w.org\/{rel}","templated":true}]}}