{"id":99171,"date":"2025-10-05T23:37:13","date_gmt":"2025-10-05T23:37:13","guid":{"rendered":"https:\/\/www.europesays.com\/pt\/99171\/"},"modified":"2025-10-05T23:37:13","modified_gmt":"2025-10-05T23:37:13","slug":"eis-a-rececao-do-estadio-do-dragao-a-jose-mourinho","status":"publish","type":"post","link":"https:\/\/www.europesays.com\/pt\/99171\/","title":{"rendered":"Eis a rece\u00e7\u00e3o do Est\u00e1dio do Drag\u00e3o a Jos\u00e9 Mourinho"},"content":{"rendered":"<p><strong>Jos\u00e9 Mourinho est\u00e1 de regresso ao Est\u00e1dio do Drag\u00e3o, desta vez do lado visitante, liderando o Benfica.<\/strong><\/p>\n<p>Jos\u00e9 Mourinho est\u00e1 de volta ao Est\u00e1dio do Drag\u00e3o de maneira a orientar o Benfica na partida frente ao FC Porto, num encontro relativo \u00e0 oitava jornada da <a href=\"https:\/\/bolanarede.pt\/etiqueta\/primeira-liga\/\" rel=\"nofollow noopener\" target=\"_blank\">Primeira Liga<\/a>.<\/p>\n<p>Durante o aquecimento, o treinador foi recebido com o coro de assobios, tal como antes do apito inicial. Eis o momento:<\/p>\n<p><video controls=\"\" src=\"https:\/\/binny-bolanarede.b-cdn.net\/wp-content\/uploads\/2025\/10\/WhatsApp-Video-2025-10-05-at-21.10.18.mp4\"\/><\/p>\n","protected":false},"excerpt":{"rendered":"Jos\u00e9 Mourinho est\u00e1 de regresso ao Est\u00e1dio do Drag\u00e3o, desta vez do lado visitante, liderando o Benfica. Jos\u00e9&hellip;\n","protected":false},"author":2,"featured_media":99172,"comment_status":"","ping_status":"","sticky":false,"template":"","format":"standard","meta":{"footnotes":""},"categories":[8],"tags":[260,27,28,282,15,16,14,1385,25,26,21,22,12,13,19,20,32,479,23,24,33,17,18,29,30,31],"class_list":{"0":"post-99171","1":"post","2":"type-post","3":"status-publish","4":"format-standard","5":"has-post-thumbnail","7":"category-principais-noticias","8":"tag-atualidade","9":"tag-breaking-news","10":"tag-breakingnews","11":"tag-fc-porto","12":"tag-featured-news","13":"tag-featurednews","14":"tag-headlines","15":"tag-jose-mourinho","16":"tag-latest-news","17":"tag-latestnews","18":"tag-main-news","19":"tag-mainnews","20":"tag-news","21":"tag-noticias","22":"tag-noticias-principais","23":"tag-noticiasprincipais","24":"tag-portugal","25":"tag-primeira-liga","26":"tag-principais-noticias","27":"tag-principaisnoticias","28":"tag-pt","29":"tag-top-stories","30":"tag-topstories","31":"tag-ultimas","32":"tag-ultimas-noticias","33":"tag-ultimasnoticias"},"share_on_mastodon":{"url":"","error":""},"_links":{"self":[{"href":"https:\/\/www.europesays.com\/pt\/wp-json\/wp\/v2\/posts\/99171","targetHints":{"allow":["GET"]}}],"collection":[{"href":"https:\/\/www.europesays.com\/pt\/wp-json\/wp\/v2\/posts"}],"about":[{"href":"https:\/\/www.europesays.com\/pt\/wp-json\/wp\/v2\/types\/post"}],"author":[{"embeddable":true,"href":"https:\/\/www.europesays.com\/pt\/wp-json\/wp\/v2\/users\/2"}],"replies":[{"embeddable":true,"href":"https:\/\/www.europesays.com\/pt\/wp-json\/wp\/v2\/comments?post=99171"}],"version-history":[{"count":0,"href":"https:\/\/www.europesays.com\/pt\/wp-json\/wp\/v2\/posts\/99171\/revisions"}],"wp:featuredmedia":[{"embeddable":true,"href":"https:\/\/www.europesays.com\/pt\/wp-json\/wp\/v2\/media\/99172"}],"wp:attachment":[{"href":"https:\/\/www.europesays.com\/pt\/wp-json\/wp\/v2\/media?parent=99171"}],"wp:term":[{"taxonomy":"category","embeddable":true,"href":"https:\/\/www.europesays.com\/pt\/wp-json\/wp\/v2\/categories?post=99171"},{"taxonomy":"post_tag","embeddable":true,"href":"https:\/\/www.europesays.com\/pt\/wp-json\/wp\/v2\/tags?post=99171"}],"curies":[{"name":"wp","href":"https:\/\/api.w.org\/{rel}","templated":true}]}}