{"id":99175,"date":"2025-10-05T23:45:07","date_gmt":"2025-10-05T23:45:07","guid":{"rendered":"https:\/\/www.europesays.com\/pt\/99175\/"},"modified":"2025-10-05T23:45:07","modified_gmt":"2025-10-05T23:45:07","slug":"a-parte-do-frango-geralmente-esquecida-que-e-barata-e-substitui-a-carne-vermelha","status":"publish","type":"post","link":"https:\/\/www.europesays.com\/pt\/99175\/","title":{"rendered":"A parte do frango geralmente esquecida que \u00e9 barata e substitui a carne vermelha"},"content":{"rendered":"<p>Nem sempre os cortes mais simples do frango recebem a valoriza\u00e7\u00e3o que merecem. A moela, por exemplo, costuma ser esquecida, mas tem um potencial nutricional que pode surpreender.\u00a0<\/p>\n<p><strong>Fa\u00e7a parte do grupo do Di\u00e1rio no <\/strong><a href=\"https:\/\/bit.ly\/CanalDiarioDoLitoral\" target=\"_blank\" rel=\"nofollow noopener\">WhatsApp<\/a> <strong>e<\/strong> <a href=\"https:\/\/t.me\/diariodolitoral\" target=\"_blank\" rel=\"nofollow\">Telegram<\/a><strong>.<br \/>Mantenha-se bem informado.<\/strong><\/p>\n<p>Rica em prote\u00ednas e em minerais essenciais, ela \u00e9 uma alternativa acess\u00edvel para complementar a <a href=\"https:\/\/www.diariodolitoral.com.br\/tags\/alimentacao\/\" rel=\"nofollow noopener\" target=\"_blank\">alimenta\u00e7\u00e3o<\/a> e, segundo especialistas, pode substituir a carne vermelha.\n\t\t\t<\/p>\n<p class=\"texto-continue listagem-detalhe\">Continua depois da publicidade<\/p>\n<p>Prote\u00edna em alta concentra\u00e7\u00e3o<\/p>\n<p>De acordo com a Tabela Brasileira de Composi\u00e7\u00e3o de Alimentos, 100 g de moela oferecem 28,8 g de prote\u00ednas. Esse n\u00famero chama aten\u00e7\u00e3o principalmente por superar a quantidade encontrada em quatro ovos m\u00e9dios juntos.<\/p>\n<p>Mas a nutricionista Patr\u00edcia Oliveira explica que h\u00e1 diferen\u00e7a na absor\u00e7\u00e3o de nutrientes. \u201c\u00c9 importante considerar n\u00e3o apenas a quantidade, mas tamb\u00e9m o quanto o organismo consegue utilizar\u201d, disse ela, de acordo com o jornal Metr\u00f3pole.\n\t\t\t<\/p>\n<p class=\"texto-continue listagem-detalhe\">Continua depois da publicidade<\/p>\n<p>Ainda assim, o corte aparece como uma op\u00e7\u00e3o interessante para variar o card\u00e1pio sem abrir m\u00e3o da qualidade nutricional, afinal, as prote\u00ednas t\u00eam papel fundamental no corpo humano, como explica o canal Rita Castro Nutricionista:<\/p>\n<p>Mais benef\u00edcios para a sa\u00fade<\/p>\n<p>O consumo de moela n\u00e3o contribui apenas para a constru\u00e7\u00e3o e recupera\u00e7\u00e3o dos m\u00fasculos. O corte tamb\u00e9m \u00e9 fonte de ferro, zinco, f\u00f3sforo, sel\u00eanio e vitamina B12, nutrientes que atuam em diferentes \u00e1reas do corpo.<\/p>\n<p>Eles ajudam na <a href=\"https:\/\/www.diariodolitoral.com.br\/tags\/saude\/\" rel=\"nofollow noopener\" target=\"_blank\">sa\u00fade<\/a> do cora\u00e7\u00e3o e do c\u00e9rebro, na preven\u00e7\u00e3o da anemia, no fortalecimento dos ossos e dentes e ainda garantem mais disposi\u00e7\u00e3o no dia a dia, j\u00e1 que participam do metabolismo energ\u00e9tico.\n\t\t\t<\/p>\n<p class=\"texto-continue listagem-detalhe\">Continua depois da publicidade<\/p>\n<p><strong>Veja tamb\u00e9m:<\/strong> <a href=\"https:\/\/www.diariodolitoral.com.br\/diario-mais\/nem-fritos-nem-mexidos-o-jeito-certo-de-cozinhar-ovos-e-aproveitar-as\/195085\/\" rel=\"nofollow noopener\" target=\"_blank\">Nem fritos nem mexidos: o jeito certo de cozinhar ovos e aproveitar as prote\u00ednas<\/a>.<\/p>\n<p>Aten\u00e7\u00e3o para casos espec\u00edficos<\/p>\n<p>Apesar dos benef\u00edcios, a moela precisa ser consumida com modera\u00e7\u00e3o por quem tem gota ou problemas renais. Isso porque cont\u00e9m purinas, subst\u00e2ncias que podem elevar o \u00e1cido \u00farico e causar crises nesses pacientes.<\/p>\n<p><strong>Veja tamb\u00e9m:<\/strong> <a href=\"https:\/\/www.diariodolitoral.com.br\/cotidiano\/estudo-aponta-que-todas-as-proteinas-animais-podem-aumentar\/198239\/\" rel=\"nofollow noopener\" target=\"_blank\">Estudo aponta que todas as prote\u00ednas animais podem aumentar risco de obesidade<\/a>.\n\t\t\t<\/p>\n<p class=\"texto-continue listagem-detalhe\">Continua depois da publicidade<\/p>\n<p>Outro ponto de alerta \u00e9 o colesterol. O corte possui quantidades elevadas dessa gordura, o que exige cuidado em pessoas com doen\u00e7as cardiovasculares.\u00a0<\/p>\n<p>Por isso, antes de incluir a moela de forma frequente na dieta, a orienta\u00e7\u00e3o \u00e9 buscar avalia\u00e7\u00e3o m\u00e9dica ou nutricional.<\/p>\n","protected":false},"excerpt":{"rendered":"Nem sempre os cortes mais simples do frango recebem a valoriza\u00e7\u00e3o que merecem. A moela, por exemplo, costuma&hellip;\n","protected":false},"author":2,"featured_media":99176,"comment_status":"","ping_status":"","sticky":false,"template":"","format":"standard","meta":{"footnotes":""},"categories":[86],"tags":[2369,547,116,32,33,117],"class_list":{"0":"post-99175","1":"post","2":"type-post","3":"status-publish","4":"format-standard","5":"has-post-thumbnail","7":"category-saude","8":"tag-alimentacao","9":"tag-alimentacao-saudavel","10":"tag-health","11":"tag-portugal","12":"tag-pt","13":"tag-saude"},"share_on_mastodon":{"url":"","error":""},"_links":{"self":[{"href":"https:\/\/www.europesays.com\/pt\/wp-json\/wp\/v2\/posts\/99175","targetHints":{"allow":["GET"]}}],"collection":[{"href":"https:\/\/www.europesays.com\/pt\/wp-json\/wp\/v2\/posts"}],"about":[{"href":"https:\/\/www.europesays.com\/pt\/wp-json\/wp\/v2\/types\/post"}],"author":[{"embeddable":true,"href":"https:\/\/www.europesays.com\/pt\/wp-json\/wp\/v2\/users\/2"}],"replies":[{"embeddable":true,"href":"https:\/\/www.europesays.com\/pt\/wp-json\/wp\/v2\/comments?post=99175"}],"version-history":[{"count":0,"href":"https:\/\/www.europesays.com\/pt\/wp-json\/wp\/v2\/posts\/99175\/revisions"}],"wp:featuredmedia":[{"embeddable":true,"href":"https:\/\/www.europesays.com\/pt\/wp-json\/wp\/v2\/media\/99176"}],"wp:attachment":[{"href":"https:\/\/www.europesays.com\/pt\/wp-json\/wp\/v2\/media?parent=99175"}],"wp:term":[{"taxonomy":"category","embeddable":true,"href":"https:\/\/www.europesays.com\/pt\/wp-json\/wp\/v2\/categories?post=99175"},{"taxonomy":"post_tag","embeddable":true,"href":"https:\/\/www.europesays.com\/pt\/wp-json\/wp\/v2\/tags?post=99175"}],"curies":[{"name":"wp","href":"https:\/\/api.w.org\/{rel}","templated":true}]}}