{"id":99179,"date":"2025-10-05T23:51:11","date_gmt":"2025-10-05T23:51:11","guid":{"rendered":"https:\/\/www.europesays.com\/pt\/99179\/"},"modified":"2025-10-05T23:51:11","modified_gmt":"2025-10-05T23:51:11","slug":"francisco-amarante-show-na-vitoria-do-sporting","status":"publish","type":"post","link":"https:\/\/www.europesays.com\/pt\/99179\/","title":{"rendered":"Francisco Amarante show na vit\u00f3ria do Sporting"},"content":{"rendered":"<p>Seja bem-vindo, Francisco Amarante. No primeiro jogo oficial pelo Sporting, ap\u00f3s dois anos a atuar no Oviedo, da agora designada de Primera FEB espanhola, o base\/extremo dos le\u00f5es foi a estrela maior do triunfo ante o V. Guimar\u00e3es por 68-97 (8-20, 27-21, 14-27, 19-29). Partida que encerrou a jornada inaugural da Liga Betclic 2025\/26.<\/p>\n<p>Vindo do banco e utilizado apenas 24m, Amarante, de 25 anos, terminou com 27 pontos (5\/5 L2, 5\/7 L3, 2\/2 LL), falhando s\u00f3 dois lan\u00e7amentos de tr\u00eas, e juntando ainda 6 ressaltos, 4 assist\u00eancias e 2 roubos de bola. N\u00fameros que, mesmo com 4 turnovers, lhe permitiram registar efici\u00eancia de 33,5%. Mais do dobro de qualquer outro na partida. Quando falhou pela primeira vez foi sobre o apito do fim do 3.\u00ba quarto (49-68), levava 15 pontos.<\/p>\n<p>\u00abFoi bom come\u00e7ar assim. Foi bom termos conseguido esta vit\u00f3ria. Arrancou a \u00e9poca e j\u00e1 est\u00e1vamos \u00e0 espera disto h\u00e1 muito tempo. Estava farto de disputar jogos da pr\u00e9-\u00e9poca. Queremos \u00e9 competir e agora \u00e9 continuar este caminho e lutar por tudo\u00bb, come\u00e7ou por dizer, no final, o internacional luso aos microfones da RTP.<\/p>\n<p>Questionado de onde havia vindo tanta inspira\u00e7\u00e3o, explicou apenas que: \u00abtenho trabalhado diariamente para isto e espero conseguir ajudar a equipa da melhor forma. Esse \u00e9 o objetivo. Hoje foi o meu dia, noutro ser\u00e1 o dia de outro e vou c\u00e1 estar \u00e0 mesma para ajudar.\u00bb <\/p>\n<p>            <img decoding=\"async\" src=\"https:\/\/www.europesays.com\/pt\/wp-content\/uploads\/2025\/10\/75f1a207-4617-49af-b0f0-8e318121cfb8.jpg\" alt=\"\" width=\"620\" class=\"w-full object-cover\"\/><\/p>\n<p>                    Francisco Amarante       Fotografia FPB<\/p>\n<p>Mas ontem era mesmo o seu dia quando, a 4.16m do termo do quarto inaugural, entrou para o lugar de um at\u00e9 ent\u00e3o apagado Malik Morgan (10 pts, 2 res, 2 ass), s\u00f3 que numa altura em que os visitantes j\u00e1 lideravam por 6-12, gra\u00e7as a um parcial de 0-10 que terminou em 6-15 num triplo de Francisco.<\/p>\n<p>Miguel Miranda teve de pedir desconto de tempo. \u00abQuando no 1.\u00ba quarto contra o Sporting, num jogo que queremos ganhar, s\u00f3 marcamos 8 pontos, fica tudo muito mais dif\u00edcil\u00bb, comentou o t\u00e9cnico vimaranense. Na jogada seguinte ao time out Filip Gewert (7 pts, 5 res, 2 rbl) ainda fez funcionar o marcador para os da casa, mas o advers\u00e1rio respondeu com 5 pontos, dois de\u2026 Amarante.<\/p>\n<p>No 2.\u00ba quarto, o Vit\u00f3ria, que at\u00e9 ent\u00e3o falhara todos os lan\u00e7amentos para l\u00e1 dos 6,75m (terminou com 11\/25, 44%), viveu o seu melhor momento e mostrou possuir um conjunto capaz de lutar por fases finais das v\u00e1rias competi\u00e7\u00f5es da FPB. Aceitando o jogo mais f\u00edsico que, entretanto, se implantara, e com os verdes e brancos a apostarem no contra-ataque \u2013 situa\u00e7\u00e3o em que conseguiram 21 pontos -, os atiradores da casa apareceram e 21 dos 27 pontos dos minhotos no per\u00edodo surgiram de 7 triplos sa\u00eddos das m\u00e3os de cinco jogadores, mas com Jaxson Baker (16 pts, 2 res) e Matteus Case (9 pts, 2 res) a serem os \u00fanicos a bisar.<\/p>\n<p>O sen\u00e3o \u00e9 que, do lado contr\u00e1rio, o Sporting, onde Amarante obteve mais 8 pontos, tamb\u00e9m n\u00e3o baixou a intensidade e nunca permitiu que o fosso baixasse dos 6 pontos at\u00e9 ao intervalo (35-41).<\/p>\n<p>Na 2.\u00ba parte, o V. Guimar\u00e3es tornou a ser inconstante e os de Alvalade, mesmo terminando com 15 turnovers, apoiaram-se em Brandon Johns (10), Stephan Swenson (9 pts, 3 res), e depois tamb\u00e9m em Jo\u00e3o Fernandes (12) e Francisco Amarante, este com 12 pontos no derradeiro quarto, para atingirem a diferen\u00e7a m\u00e1xima de 29 e dominar a luta das tabelas (31-42), assim como os pontos conseguidos dentro da \u00e1rea (18-42). Note-se que o banco sportinguista contribuiu com 57(!) pontos \u2013 mais do que os 44 dos cinco inicial do Vit\u00f3ria -, contra 24.\u00a0<\/p>\n","protected":false},"excerpt":{"rendered":"Seja bem-vindo, Francisco Amarante. No primeiro jogo oficial pelo Sporting, ap\u00f3s dois anos a atuar no Oviedo, da&hellip;\n","protected":false},"author":2,"featured_media":99180,"comment_status":"","ping_status":"","sticky":false,"template":"","format":"standard","meta":{"footnotes":""},"categories":[8],"tags":[27,28,15,16,14,25,26,21,22,12,13,19,20,32,23,24,33,17,18,29,30,31],"class_list":{"0":"post-99179","1":"post","2":"type-post","3":"status-publish","4":"format-standard","5":"has-post-thumbnail","7":"category-principais-noticias","8":"tag-breaking-news","9":"tag-breakingnews","10":"tag-featured-news","11":"tag-featurednews","12":"tag-headlines","13":"tag-latest-news","14":"tag-latestnews","15":"tag-main-news","16":"tag-mainnews","17":"tag-news","18":"tag-noticias","19":"tag-noticias-principais","20":"tag-noticiasprincipais","21":"tag-portugal","22":"tag-principais-noticias","23":"tag-principaisnoticias","24":"tag-pt","25":"tag-top-stories","26":"tag-topstories","27":"tag-ultimas","28":"tag-ultimas-noticias","29":"tag-ultimasnoticias"},"share_on_mastodon":{"url":"","error":""},"_links":{"self":[{"href":"https:\/\/www.europesays.com\/pt\/wp-json\/wp\/v2\/posts\/99179","targetHints":{"allow":["GET"]}}],"collection":[{"href":"https:\/\/www.europesays.com\/pt\/wp-json\/wp\/v2\/posts"}],"about":[{"href":"https:\/\/www.europesays.com\/pt\/wp-json\/wp\/v2\/types\/post"}],"author":[{"embeddable":true,"href":"https:\/\/www.europesays.com\/pt\/wp-json\/wp\/v2\/users\/2"}],"replies":[{"embeddable":true,"href":"https:\/\/www.europesays.com\/pt\/wp-json\/wp\/v2\/comments?post=99179"}],"version-history":[{"count":0,"href":"https:\/\/www.europesays.com\/pt\/wp-json\/wp\/v2\/posts\/99179\/revisions"}],"wp:featuredmedia":[{"embeddable":true,"href":"https:\/\/www.europesays.com\/pt\/wp-json\/wp\/v2\/media\/99180"}],"wp:attachment":[{"href":"https:\/\/www.europesays.com\/pt\/wp-json\/wp\/v2\/media?parent=99179"}],"wp:term":[{"taxonomy":"category","embeddable":true,"href":"https:\/\/www.europesays.com\/pt\/wp-json\/wp\/v2\/categories?post=99179"},{"taxonomy":"post_tag","embeddable":true,"href":"https:\/\/www.europesays.com\/pt\/wp-json\/wp\/v2\/tags?post=99179"}],"curies":[{"name":"wp","href":"https:\/\/api.w.org\/{rel}","templated":true}]}}