{"id":99187,"date":"2025-10-06T00:01:08","date_gmt":"2025-10-06T00:01:08","guid":{"rendered":"https:\/\/www.europesays.com\/pt\/99187\/"},"modified":"2025-10-06T00:01:08","modified_gmt":"2025-10-06T00:01:08","slug":"insider-conhecido-afirma-que-a-versao-switch-2-de-red-dead-redemption-2-ainda-existe","status":"publish","type":"post","link":"https:\/\/www.europesays.com\/pt\/99187\/","title":{"rendered":"Insider conhecido afirma que a vers\u00e3o Switch 2 de Red Dead Redemption 2 ainda existe"},"content":{"rendered":"<p>Existem toneladas de autoproclamados insiders compartilhando suas opini\u00f5es online, mas apenas alguns deles realmente revelam informa\u00e7\u00f5es precisas regularmente. Uma dessas pessoas \u00e9 NateTheHate.<\/p>\n<p>\u00c9 por isso que \u00e9 interessante que ele agora esteja confirmando que a nova vers\u00e3o de Red Dead Redemption 2 ainda est\u00e1 a caminho do Switch 2 e da dupla PlayStation 5 \/ Xbox Series S \/ X. Ele <a href=\"https:\/\/xcancel.com\/NateTheHate2\/status\/1974887737678553101\" target=\"_blank\" rel=\"nofollow noopener\">escreve<\/a> que essas vers\u00f5es &#8220;existem&#8221;, mas acrescenta que &#8220;n\u00e3o tem nenhuma atualiza\u00e7\u00e3o sobre o tempo para o lan\u00e7amento&#8221;.<\/p>\n<p>Basicamente, teremos que esperar para ver. Mas considerando todas as pessoas mais ou menos conhecidas que j\u00e1 disseram a mesma coisa antes, parece que algo est\u00e1 acontecendo, afinal.<\/p>\n<p><img loading=\"lazy\" decoding=\"async\" id=\"img-1468653-4685013\" data-fullsize=\"\/media\/50\/_4685013b.png\" data-lazy=\"\" src=\"https:\/\/www.gamereactor.pthttps:\/\/www.gamereactor.pt\/media\/50\/_4685013_650x.png\" width=\"650\" onclick=\"if (!window.__cfRLUnblockHandlers) return false; gallery_openmodal('1468653','4685013',false,'9b4b5c105989d5f29ce42b4ca4b2525f');\" height=\"375\" alt=\"Red Dead Redemption 2\" class=\"rwd_col_content lazy\" data-cf-modified-6fa8e220f6aae45e6cbfe1e8-=\"\"\/><\/p>\n","protected":false},"excerpt":{"rendered":"Existem toneladas de autoproclamados insiders compartilhando suas opini\u00f5es online, mas apenas alguns deles realmente revelam informa\u00e7\u00f5es precisas regularmente.&hellip;\n","protected":false},"author":2,"featured_media":99188,"comment_status":"","ping_status":"","sticky":false,"template":"","format":"standard","meta":{"footnotes":""},"categories":[84],"tags":[109,107,108,32,33,105,103,104,106,110],"class_list":{"0":"post-99187","1":"post","2":"type-post","3":"status-publish","4":"format-standard","5":"has-post-thumbnail","7":"category-ciencia-e-tecnologia","8":"tag-ciencia","9":"tag-ciencia-e-tecnologia","10":"tag-cienciaetecnologia","11":"tag-portugal","12":"tag-pt","13":"tag-science","14":"tag-science-and-technology","15":"tag-scienceandtechnology","16":"tag-technology","17":"tag-tecnologia"},"share_on_mastodon":{"url":"","error":""},"_links":{"self":[{"href":"https:\/\/www.europesays.com\/pt\/wp-json\/wp\/v2\/posts\/99187","targetHints":{"allow":["GET"]}}],"collection":[{"href":"https:\/\/www.europesays.com\/pt\/wp-json\/wp\/v2\/posts"}],"about":[{"href":"https:\/\/www.europesays.com\/pt\/wp-json\/wp\/v2\/types\/post"}],"author":[{"embeddable":true,"href":"https:\/\/www.europesays.com\/pt\/wp-json\/wp\/v2\/users\/2"}],"replies":[{"embeddable":true,"href":"https:\/\/www.europesays.com\/pt\/wp-json\/wp\/v2\/comments?post=99187"}],"version-history":[{"count":0,"href":"https:\/\/www.europesays.com\/pt\/wp-json\/wp\/v2\/posts\/99187\/revisions"}],"wp:featuredmedia":[{"embeddable":true,"href":"https:\/\/www.europesays.com\/pt\/wp-json\/wp\/v2\/media\/99188"}],"wp:attachment":[{"href":"https:\/\/www.europesays.com\/pt\/wp-json\/wp\/v2\/media?parent=99187"}],"wp:term":[{"taxonomy":"category","embeddable":true,"href":"https:\/\/www.europesays.com\/pt\/wp-json\/wp\/v2\/categories?post=99187"},{"taxonomy":"post_tag","embeddable":true,"href":"https:\/\/www.europesays.com\/pt\/wp-json\/wp\/v2\/tags?post=99187"}],"curies":[{"name":"wp","href":"https:\/\/api.w.org\/{rel}","templated":true}]}}