{"id":99193,"date":"2025-10-06T00:13:26","date_gmt":"2025-10-06T00:13:26","guid":{"rendered":"https:\/\/www.europesays.com\/pt\/99193\/"},"modified":"2025-10-06T00:13:26","modified_gmt":"2025-10-06T00:13:26","slug":"bem-estar-b-e-primavera-11-alimentos-que-turbinam-a-imunidade-nas-mudancas-de-temperatura-correio-do-estado","status":"publish","type":"post","link":"https:\/\/www.europesays.com\/pt\/99193\/","title":{"rendered":"Bem-estar B+: \u00c9 Primavera: 11 alimentos que turbinam a imunidade nas mudan\u00e7as de temperatura &#8211; Correio do Estado"},"content":{"rendered":"<ol>\n<li><a href=\"https:\/\/news.google.com\/rss\/articles\/CBMitAFBVV95cUxPSVJGSEhkbHZtMmVhYlhqVlQyM3Zmby1PMnF1RlVxYmpTUFpjOTVVZm02bHNaRElhaUl4dXRfQkdncy1LaWh4MGItR2NNMXRuazQ2T0MyNEd5Ql9IZVNBV3RaelVtQk1ubHlHd1NDcXd1S2dDRmhsMGJUR3cxTGlyUmpxUzlsTXBObjQwZkZFSHEyWnpIQzF3ZGEwcXZoRVBoQzhfYXQ0WmhheTlDWUNQUW05bE8?oc=5\" target=\"_blank\" rel=\"nofollow noopener\">Bem-estar B+: \u00c9 Primavera: 11 alimentos que turbinam a imunidade nas mudan\u00e7as de temperatura<\/a>&nbsp;&nbsp;Correio do Estado<\/li>\n<li><a href=\"https:\/\/news.google.com\/rss\/articles\/CBMikwJBVV95cUxQajdIYk56R0ZFX0hPZ3dLUC1NYjVPYzZCeHVFeFNQdV9qMXF2RFVERlZJd0xuRVVtVW81MEE2d1JpUm5KazNBSWtxb2U2Szdhb3JSa2VXZEpUZUxaMUVRRkZGVURnbnJrSEdsQy1tTmNtT2QtcTlSYUV2N2VHdVdLWlVpelpRVHU1NGppQXpuN0g0S2Rnck1zN2R4VWttMzhuQXVlUnJwMm8wQTlUSUJNRkVmQVVFUFpjNG5ZWVhud1VsWGtpanJlbUFYOU15eHhvNTZXUGlwbFR6a1hxSkhIdFZSdUdHYWkyQmdZZTBhMkVkaHp5MzgyWGJkNGh6ZXE2SjhUXzAxQ3RtU1RCYjdEMHk2Z9IBogJBVV95cUxQZ2JyS2hiQ2w5RTdKTThiLUZrS2pXWUJRaFNnbU1MaGhHaXIyeWFYbVU4Yl8wOWZxNGRJOTgzYTRPR3NfY1FETk1ZMTJUOFdGMVdBTHF2VHNnbmthMHBYQ0JUbHV2cnp3QVp0dE5oVnFmTU80Rk5yZzVCU1gwalRBZWlBTDlLV2lkRTJkcHhsMkp1dGdXNGwwR2ZOcmZGYkV4X096OWhXYjJveERPcWlWQTY0MUdqZ3VrREl3c3dtYWRXMHdfYXJQd0p1R3ZXQVhRQ2E5Rk1LVUpYSWd0UVFsbFVILTcxUWlLR2U5ZkFLZ3BJcTI1bTV4WGU3OXR1T2FPeW41b3JPOGVhWVBzdjYzcFNDZUp2R3A3aXgtRVRpejdSZw?oc=5\" target=\"_blank\" rel=\"nofollow noopener\">Existe mesmo comida que aumenta a imunidade?<\/a>&nbsp;&nbsp;G1<\/li>\n<li><a href=\"https:\/\/news.google.com\/rss\/articles\/CBMiygFBVV95cUxPUnAxUnRVeTVoNG9SeDFUN3RrX2cxWTZMVlBYUUh2WXM1VGpOSGMwWlhCb013cFRod2JmMW1EZWM5S2lBNmZ5VmZmWDA1VHkyTzk1eEU1MlM4YjlXd0VkVmtHbnlVZU5SWEZHaE5PNzlkWUt2b3l0RWJMTFhyQ1RhTlF3WjJTTGZYTjkzLTBFdldlbmhiY21oMGNrZnpuaVUwSlRSOUJDakROdGp0Q1lWNVlYZVhBTFJJUzVUcDZOUlZVOF9JUE1lRzRB?oc=5\" target=\"_blank\" rel=\"nofollow noopener\">5 alimentos para fortalecer a imunidade<\/a>&nbsp;&nbsp;Terra<\/li>\n<li><a href=\"https:\/\/news.google.com\/rss\/articles\/CBMiwAFBVV95cUxNQ3JjdUNjUVVCc1NIck9iUHUzVjlBN2g1endsenNESXVzaXUxTGhULXQtZlBQZFEyWGc0V3VYQkRfQ0hOLTlWWG9YVTFjYjJLc3RGd1JhdFdHMVNfRVBMb2NuRzdGWlZlTGZCYklnN1hmQUR0UG9IamRacE1WMEdWSFZSc3RJNkdDRnBHRUtndGRxcTlISjJmbzJ6U3pQV2FILWE0b0FzX3FtUnBrUUhDMHRBVms3ZmhuOG4tS2ZRMUI?oc=5\" target=\"_blank\" rel=\"nofollow noopener\">As frutas, legumes e verduras da primavera que voc\u00ea pode incluir na sua alimenta\u00e7\u00e3o<\/a>&nbsp;&nbsp;Estado de Minas<\/li>\n<li><a href=\"https:\/\/news.google.com\/rss\/articles\/CBMixAFBVV95cUxPRm53cHNsN3dwaVU4eG5xUWhCV3FleWt4Uk96eTNOSlFkUF9OYVZQWFVoZlhfYmVyTTV5bmVpZ1NCRFA4MW4yd25wMmdaYUt0OE5KRjZzWEFhLTQ1QmNrZjYwY2dtQ04xQ01tYTd2cVFhbTU0cUpXZ1FmMTVJNU5aTl9DTjNiMFlyRG1hNHd3ZEs4V1NwSk1mdUZSaTFqLXNGQjRQQU8wNTlEYllvbTd5clU1c3hoNWxIcVE0X2ZjcklFT2I5?oc=5\" target=\"_blank\" rel=\"nofollow noopener\">Primavera no prato: aproveite para preparar pratos mais frescos, leves e cheios de sabor<\/a>&nbsp;&nbsp;liberal.com.br<\/li>\n<\/ol>\n","protected":false},"excerpt":{"rendered":"Bem-estar B+: \u00c9 Primavera: 11 alimentos que turbinam a imunidade nas mudan\u00e7as de temperatura&nbsp;&nbsp;Correio do Estado Existe mesmo&hellip;\n","protected":false},"author":2,"featured_media":99194,"comment_status":"","ping_status":"","sticky":false,"template":"","format":"standard","meta":{"footnotes":""},"categories":[86],"tags":[116,32,33,117],"class_list":{"0":"post-99193","1":"post","2":"type-post","3":"status-publish","4":"format-standard","5":"has-post-thumbnail","7":"category-saude","8":"tag-health","9":"tag-portugal","10":"tag-pt","11":"tag-saude"},"share_on_mastodon":{"url":"","error":""},"_links":{"self":[{"href":"https:\/\/www.europesays.com\/pt\/wp-json\/wp\/v2\/posts\/99193","targetHints":{"allow":["GET"]}}],"collection":[{"href":"https:\/\/www.europesays.com\/pt\/wp-json\/wp\/v2\/posts"}],"about":[{"href":"https:\/\/www.europesays.com\/pt\/wp-json\/wp\/v2\/types\/post"}],"author":[{"embeddable":true,"href":"https:\/\/www.europesays.com\/pt\/wp-json\/wp\/v2\/users\/2"}],"replies":[{"embeddable":true,"href":"https:\/\/www.europesays.com\/pt\/wp-json\/wp\/v2\/comments?post=99193"}],"version-history":[{"count":0,"href":"https:\/\/www.europesays.com\/pt\/wp-json\/wp\/v2\/posts\/99193\/revisions"}],"wp:featuredmedia":[{"embeddable":true,"href":"https:\/\/www.europesays.com\/pt\/wp-json\/wp\/v2\/media\/99194"}],"wp:attachment":[{"href":"https:\/\/www.europesays.com\/pt\/wp-json\/wp\/v2\/media?parent=99193"}],"wp:term":[{"taxonomy":"category","embeddable":true,"href":"https:\/\/www.europesays.com\/pt\/wp-json\/wp\/v2\/categories?post=99193"},{"taxonomy":"post_tag","embeddable":true,"href":"https:\/\/www.europesays.com\/pt\/wp-json\/wp\/v2\/tags?post=99193"}],"curies":[{"name":"wp","href":"https:\/\/api.w.org\/{rel}","templated":true}]}}