{"id":99215,"date":"2025-10-06T00:40:08","date_gmt":"2025-10-06T00:40:08","guid":{"rendered":"https:\/\/www.europesays.com\/pt\/99215\/"},"modified":"2025-10-06T00:40:08","modified_gmt":"2025-10-06T00:40:08","slug":"foi-dragao-e-leao-e-aos-21-anos-luta-por-uma-segunda-vida","status":"publish","type":"post","link":"https:\/\/www.europesays.com\/pt\/99215\/","title":{"rendered":"foi drag\u00e3o e le\u00e3o e aos 21 anos luta por uma segunda vida"},"content":{"rendered":"<p><a class=\"autolink-enabled\" data-resource-id=\"245581\" data-resource-type=\"player\" data-sport=\"football\" href=\"https:\/\/www.abola.pt\/futebol\/jogador\/goncalo-esteves-245581\" rel=\"nofollow noopener\" target=\"_blank\">Gon\u00e7alo Esteves<\/a> ainda tem idade de esperan\u00e7as, mas a verdade \u00e9 que o facto de a carreira n\u00e3o ter tido o caminho rumo ao sucesso que lhe era predestinado faz com que a chegada do lateral-direito ao Ribatejo tenha o peso de, neste regresso a Portugal, dar (finalmente) certo.<\/p>\n<p>Chegou ao <a class=\"autolink-enabled\" data-resource-id=\"452\" data-resource-type=\"team\" data-sport=\"football\" href=\"https:\/\/www.abola.pt\/futebol\/alverca-452\" rel=\"nofollow noopener\" target=\"_blank\">Alverca<\/a> como um dos 30 novos jogadores que Cust\u00f3dio Castro tem de transformar rapidamente numa equipa. Aos 21 anos trouxe o peso dos insucessos, mas a determina\u00e7\u00e3o de ser feliz. Foi titular na 1\u00aa e na 2\u00aa jornadas da <a class=\"autolink-enabled\" data-resource-id=\"13\" data-resource-type=\"competition\" data-sport=\"football\" href=\"https:\/\/www.abola.pt\/futebol\/competicao\/liga-portugal-betclic-13\" rel=\"nofollow noopener\" target=\"_blank\">Liga<\/a>, suplente utilizado na 3\u00aa e brilhou nos poucos minutos em que esteve em campo nesta 8\u00aa jornada, na Vila da <a class=\"autolink-enabled\" data-resource-id=\"5657\" data-resource-type=\"team\" data-sport=\"football\" href=\"https:\/\/www.abola.pt\/futebol\/aves-sad-5657\" rel=\"nofollow noopener\" target=\"_blank\">Aves<\/a>. Entrou aos 88 minutos e nos descontos finais marcou um gola\u00e7o. Grande jogada individual do lateral, junto \u00e0 bandeirola de canto, fintou dois advers\u00e1rios e rematou cruzado para o golo. Fechou o resultado frente ao <a class=\"autolink-enabled\" data-resource-id=\"5657\" data-resource-type=\"team\" data-sport=\"football\" href=\"https:\/\/www.abola.pt\/futebol\/aves-sad-5657\" rel=\"nofollow noopener\" target=\"_blank\"><a class=\"autolink-enabled\" data-resource-id=\"5657\" data-resource-type=\"team\" data-sport=\"football\" href=\"https:\/\/www.abola.pt\/futebol\/aves-sad-5657\" rel=\"nofollow noopener\" target=\"_blank\">Aves<\/a> SAD em 3-1 e festejou demonstrando a garra que o faz acreditar que ainda vai a tempo de ser grande.<\/p>\n<p>Nascido para o futebol no <a target=\"_blank\" class=\"editor-link autolink-enabled\" href=\"https:\/\/www.abola.pt\/futebol\/fc-porto-451\" data-resource-id=\"451\" data-resource-type=\"team\" data-sport=\"football\" rel=\"nofollow noopener\">FC Porto<\/a> chegou ao rival <a target=\"_blank\" class=\"editor-link autolink-enabled\" href=\"https:\/\/www.abola.pt\/futebol\/sporting-448\" data-resource-id=\"448\" data-resource-type=\"team\" data-sport=\"football\" rel=\"nofollow noopener\">Sporting<\/a> em 2021\/2022, na era de R\u00faben Amorim, com selo de craque e uma confian\u00e7a inabal\u00e1vel no que poderia dar ao futebol. Na primeira \u00e9poca de le\u00e3o ao peito jogou tudo: juniores A, <a target=\"_blank\" class=\"editor-link autolink-enabled\" href=\"https:\/\/www.abola.pt\/futebol\/competicao\/liga-portugal-betclic-13\" data-resource-id=\"13\" data-resource-type=\"competition\" data-sport=\"football\" rel=\"nofollow noopener\">Liga<\/a> 3, pela equipa B, Youth League, <a target=\"_blank\" class=\"editor-link autolink-enabled\" href=\"https:\/\/www.abola.pt\/futebol\/competicao\/taca-de-portugal-112\" data-resource-id=\"112\" data-resource-type=\"competition\" data-sport=\"football\" rel=\"nofollow noopener\">Ta\u00e7a de Portugal<\/a>, Ta\u00e7a da <a target=\"_blank\" class=\"editor-link autolink-enabled\" href=\"https:\/\/www.abola.pt\/futebol\/competicao\/liga-portugal-betclic-13\" data-resource-id=\"13\" data-resource-type=\"competition\" data-sport=\"football\" rel=\"nofollow noopener\">Liga<\/a>, <a target=\"_blank\" class=\"editor-link autolink-enabled\" href=\"https:\/\/www.abola.pt\/futebol\/competicao\/liga-portugal-betclic-13\" data-resource-id=\"13\" data-resource-type=\"competition\" data-sport=\"football\" rel=\"nofollow noopener\">Liga<\/a> e <a target=\"_blank\" class=\"editor-link autolink-enabled\" href=\"https:\/\/www.abola.pt\/futebol\/competicao\/liga-portugal-betclic-13\" data-resource-id=\"13\" data-resource-type=\"competition\" data-sport=\"football\" rel=\"nofollow noopener\">Liga<\/a> dos Campe\u00f5es, quando Ruben Amorim o colocou a titular no jogo com o <a target=\"_blank\" class=\"editor-link autolink-enabled\" href=\"https:\/\/www.abola.pt\/futebol\/ajax-390\" data-resource-id=\"390\" data-resource-type=\"team\" data-sport=\"football\" rel=\"nofollow noopener\">Ajax<\/a>.<\/p>\n<p>O ex-treinador dos bicampe\u00f5es nacionais depositava grandes esperan\u00e7as em <a target=\"_blank\" class=\"editor-link autolink-enabled\" href=\"https:\/\/www.abola.pt\/futebol\/jogador\/goncalo-esteves-245581\" data-resource-id=\"245581\" data-resource-type=\"player\" data-sport=\"football\" rel=\"nofollow noopener\">Gon\u00e7alo Esteves<\/a> e v\u00e1rias vezes elogiou as qualidades do ent\u00e3o lateral de 18 anos. Utilizou-o em 10 jogos na \u00e9poca 2021\/2022. Na equipa seguinte jogou pelos juniores e pela equipa B e foi emprestado ao <a target=\"_blank\" class=\"editor-link autolink-enabled\" href=\"https:\/\/www.abola.pt\/futebol\/estoril-461\" data-resource-id=\"461\" data-resource-type=\"team\" data-sport=\"football\" rel=\"nofollow noopener\">Estoril<\/a>, tendo sa\u00eddo de Portugal em 2023\/2024, para ser cedido ao <a target=\"_blank\" class=\"editor-link autolink-enabled\" href=\"https:\/\/www.abola.pt\/futebol\/az-alkmaar-404\" data-resource-id=\"404\" data-resource-type=\"team\" data-sport=\"football\" rel=\"nofollow noopener\">AZ Alkmaar<\/a>. Na altura Ruben Amorim voltou a refor\u00e7ar que acreditava muito no potencial de <a target=\"_blank\" class=\"editor-link autolink-enabled\" href=\"https:\/\/www.abola.pt\/futebol\/jogador\/goncalo-esteves-245581\" data-resource-id=\"245581\" data-resource-type=\"player\" data-sport=\"football\" rel=\"nofollow noopener\">Gon\u00e7alo Esteves<\/a> e que desejava que aproveitasse as oportunidades.<\/p>\n<p>N\u00e3o voltou ao reino no le\u00e3o e foi transferido para a <a class=\"autolink-enabled\" data-resource-id=\"246\" data-resource-type=\"team\" data-sport=\"football\" href=\"https:\/\/www.abola.pt\/futebol\/udinese-246\" rel=\"nofollow noopener\" target=\"_blank\">Udinese<\/a> em 2024\/25. Nunca jogou em It\u00e1lia, tendo sido emprestado aos su\u00ed\u00e7os do Yverdon, onde fez 10 jogos.<\/p>\n<p>\u00c9 por novo empr\u00e9stimo da <a target=\"_blank\" class=\"editor-link autolink-enabled\" href=\"https:\/\/www.abola.pt\/futebol\/udinese-246\" data-resource-id=\"246\" data-resource-type=\"team\" data-sport=\"football\" rel=\"nofollow noopener\">Udinese<\/a> que chegou ao Ribatejo no arranque desta \u00e9poca. \u00a0\u00c9 uma esp\u00e9cie de segunda oportunidade na vida, ou terceira ou quarta\u2026 A verdade \u00e9 que no <a target=\"_blank\" class=\"editor-link autolink-enabled\" href=\"https:\/\/www.abola.pt\/futebol\/alverca-452\" data-resource-id=\"452\" data-resource-type=\"team\" data-sport=\"football\" rel=\"nofollow noopener\">Alverca<\/a> podem estar criadas as condi\u00e7\u00f5es de que <a target=\"_blank\" class=\"editor-link autolink-enabled\" href=\"https:\/\/www.abola.pt\/futebol\/jogador\/goncalo-esteves-245581\" data-resource-id=\"245581\" data-resource-type=\"player\" data-sport=\"football\" rel=\"nofollow noopener\">Gon\u00e7alo Esteves<\/a> precisa para jogar ao n\u00edvel que a futebol que tem nos p\u00e9s lhe pode permitir e Cust\u00f3dio Castro ter\u00e1 espa\u00e7o para um lateral-direito que acrescente qualidade ao futebol que quer implementar no <a target=\"_blank\" class=\"editor-link autolink-enabled\" href=\"https:\/\/www.abola.pt\/futebol\/alverca-452\" data-resource-id=\"452\" data-resource-type=\"team\" data-sport=\"football\" rel=\"nofollow noopener\">Alverca<\/a>. O pontap\u00e9 de sa\u00edda est\u00e1 dado..<\/p>\n","protected":false},"excerpt":{"rendered":"Gon\u00e7alo Esteves ainda tem idade de esperan\u00e7as, mas a verdade \u00e9 que o facto de a carreira n\u00e3o&hellip;\n","protected":false},"author":2,"featured_media":99216,"comment_status":"","ping_status":"","sticky":false,"template":"","format":"standard","meta":{"footnotes":""},"categories":[87],"tags":[135,32,33,134],"class_list":{"0":"post-99215","1":"post","2":"type-post","3":"status-publish","4":"format-standard","5":"has-post-thumbnail","7":"category-desporto","8":"tag-desporto","9":"tag-portugal","10":"tag-pt","11":"tag-sports"},"share_on_mastodon":{"url":"","error":""},"_links":{"self":[{"href":"https:\/\/www.europesays.com\/pt\/wp-json\/wp\/v2\/posts\/99215","targetHints":{"allow":["GET"]}}],"collection":[{"href":"https:\/\/www.europesays.com\/pt\/wp-json\/wp\/v2\/posts"}],"about":[{"href":"https:\/\/www.europesays.com\/pt\/wp-json\/wp\/v2\/types\/post"}],"author":[{"embeddable":true,"href":"https:\/\/www.europesays.com\/pt\/wp-json\/wp\/v2\/users\/2"}],"replies":[{"embeddable":true,"href":"https:\/\/www.europesays.com\/pt\/wp-json\/wp\/v2\/comments?post=99215"}],"version-history":[{"count":0,"href":"https:\/\/www.europesays.com\/pt\/wp-json\/wp\/v2\/posts\/99215\/revisions"}],"wp:featuredmedia":[{"embeddable":true,"href":"https:\/\/www.europesays.com\/pt\/wp-json\/wp\/v2\/media\/99216"}],"wp:attachment":[{"href":"https:\/\/www.europesays.com\/pt\/wp-json\/wp\/v2\/media?parent=99215"}],"wp:term":[{"taxonomy":"category","embeddable":true,"href":"https:\/\/www.europesays.com\/pt\/wp-json\/wp\/v2\/categories?post=99215"},{"taxonomy":"post_tag","embeddable":true,"href":"https:\/\/www.europesays.com\/pt\/wp-json\/wp\/v2\/tags?post=99215"}],"curies":[{"name":"wp","href":"https:\/\/api.w.org\/{rel}","templated":true}]}}