{"id":99222,"date":"2025-10-06T00:46:11","date_gmt":"2025-10-06T00:46:11","guid":{"rendered":"https:\/\/www.europesays.com\/pt\/99222\/"},"modified":"2025-10-06T00:46:11","modified_gmt":"2025-10-06T00:46:11","slug":"criancas-de-5-e-7-anos-entre-os-cinco-feridos-de-violenta-colisao-em-valenca","status":"publish","type":"post","link":"https:\/\/www.europesays.com\/pt\/99222\/","title":{"rendered":"Crian\u00e7as de 5 e 7 anos entre os cinco feridos de violenta colis\u00e3o em Valen\u00e7a"},"content":{"rendered":"<p>Cinco pessoas, entre as quais duas crian\u00e7as \u2013 um menino de cinco anos e uma menina de sete -, sofreram ferimentos na sequ\u00eancia de uma violenta colis\u00e3o entre dois ve\u00edculos ligeiros, esta tarde, em Ganfei, concelho de Valen\u00e7a. <\/p>\n<p>&#13;<br \/>\n&#13;<br \/>\n&#13;<\/p>\n<p>O acidente aconteceu na Estrada Nacional 101, que se encontrou cortada na faixa da esquerda no sentido Valen\u00e7a-Mon\u00e7\u00e3o. <\/p>\n<p>H\u00e1 registo ainda de mais duas mulheres feridas, de 23 e 40 anos, e um homem, tamb\u00e9m de 40.<\/p>\n<p>Prestaram socorro os Bombeiros de Valen\u00e7a, com uma ambul\u00e2ncia e um veiculo de desencarceramento, apoiados pelos Bombeiros de Mon\u00e7\u00e3o, com duas ambul\u00e2ncias, e pelo INEM, atrav\u00e9s da ambul\u00e2ncia SIV de Valen\u00e7a.<\/p>\n<p>N\u00e3o houve necessidade de desencarcerar as v\u00edtimas, pois conseguiram sair das viaturas pelos pr\u00f3prios meios.<\/p>\n<p>O alerta foi dado \u00e0s 18:44. <\/p>\n<p>As v\u00edtimas foram estabilizadas no local e transportadas ao Hospital de Santa Luzia, em Viana do Castelo, com ferimentos considerados ligeiros.<\/p>\n<p>A GNR registou a ocorr\u00eancia.<\/p>\n","protected":false},"excerpt":{"rendered":"Cinco pessoas, entre as quais duas crian\u00e7as \u2013 um menino de cinco anos e uma menina de sete&hellip;\n","protected":false},"author":2,"featured_media":99223,"comment_status":"","ping_status":"","sticky":false,"template":"","format":"standard","meta":{"footnotes":""},"categories":[10],"tags":[27,28,15,16,14,25,26,21,22,12,13,19,20,32,23,24,33,17,18,29,30,31],"class_list":{"0":"post-99222","1":"post","2":"type-post","3":"status-publish","4":"format-standard","5":"has-post-thumbnail","7":"category-portugal","8":"tag-breaking-news","9":"tag-breakingnews","10":"tag-featured-news","11":"tag-featurednews","12":"tag-headlines","13":"tag-latest-news","14":"tag-latestnews","15":"tag-main-news","16":"tag-mainnews","17":"tag-news","18":"tag-noticias","19":"tag-noticias-principais","20":"tag-noticiasprincipais","21":"tag-portugal","22":"tag-principais-noticias","23":"tag-principaisnoticias","24":"tag-pt","25":"tag-top-stories","26":"tag-topstories","27":"tag-ultimas","28":"tag-ultimas-noticias","29":"tag-ultimasnoticias"},"share_on_mastodon":{"url":"","error":""},"_links":{"self":[{"href":"https:\/\/www.europesays.com\/pt\/wp-json\/wp\/v2\/posts\/99222","targetHints":{"allow":["GET"]}}],"collection":[{"href":"https:\/\/www.europesays.com\/pt\/wp-json\/wp\/v2\/posts"}],"about":[{"href":"https:\/\/www.europesays.com\/pt\/wp-json\/wp\/v2\/types\/post"}],"author":[{"embeddable":true,"href":"https:\/\/www.europesays.com\/pt\/wp-json\/wp\/v2\/users\/2"}],"replies":[{"embeddable":true,"href":"https:\/\/www.europesays.com\/pt\/wp-json\/wp\/v2\/comments?post=99222"}],"version-history":[{"count":0,"href":"https:\/\/www.europesays.com\/pt\/wp-json\/wp\/v2\/posts\/99222\/revisions"}],"wp:featuredmedia":[{"embeddable":true,"href":"https:\/\/www.europesays.com\/pt\/wp-json\/wp\/v2\/media\/99223"}],"wp:attachment":[{"href":"https:\/\/www.europesays.com\/pt\/wp-json\/wp\/v2\/media?parent=99222"}],"wp:term":[{"taxonomy":"category","embeddable":true,"href":"https:\/\/www.europesays.com\/pt\/wp-json\/wp\/v2\/categories?post=99222"},{"taxonomy":"post_tag","embeddable":true,"href":"https:\/\/www.europesays.com\/pt\/wp-json\/wp\/v2\/tags?post=99222"}],"curies":[{"name":"wp","href":"https:\/\/api.w.org\/{rel}","templated":true}]}}