{"id":99226,"date":"2025-10-06T00:54:09","date_gmt":"2025-10-06T00:54:09","guid":{"rendered":"https:\/\/www.europesays.com\/pt\/99226\/"},"modified":"2025-10-06T00:54:09","modified_gmt":"2025-10-06T00:54:09","slug":"benfica-ataca-liga-nao-se-pode-permitir-que-ocorram-falhas-desta-natureza","status":"publish","type":"post","link":"https:\/\/www.europesays.com\/pt\/99226\/","title":{"rendered":"Benfica ataca Liga: \u00abN\u00e3o se pode permitir que ocorram falhas desta natureza\u00bb"},"content":{"rendered":"<p>Em comunicado, o <a class=\"autolink-enabled\" data-resource-id=\"450\" data-resource-type=\"team\" data-sport=\"football\" href=\"https:\/\/www.abola.pt\/futebol\/benfica-450\" rel=\"nofollow noopener\" target=\"_blank\">Benfica<\/a> deixou cr\u00edticas \u00e0 <a class=\"autolink-enabled\" data-resource-id=\"13\" data-resource-type=\"competition\" data-sport=\"football\" href=\"https:\/\/www.abola.pt\/futebol\/competicao\/liga-portugal-betclic-13\" rel=\"nofollow noopener\" target=\"_blank\">Liga<\/a>, mais concretamente \u00e0 organiza\u00e7\u00e3o do cl\u00e1ssico entre o <a class=\"autolink-enabled\" data-resource-id=\"451\" data-resource-type=\"team\" data-sport=\"football\" href=\"https:\/\/www.abola.pt\/futebol\/fc-porto-451\" rel=\"nofollow noopener\" target=\"_blank\">FC Porto<\/a> e as \u00e1guias, na noite de domingo, no Drag\u00e3o, para a 8.\u00aa jornada da Liga.<\/p>\n<p>Centenas de adeptos dos encarnados tiveram acesso ao setor visitante apenas no final da primeira parte, situa\u00e7\u00e3o que desagradou, e muito, ao clube da Luz, que, na nota, adianta que formalizar\u00e1, junto da Liga, uma queixa formal sobre o sucedido.<\/p>\n","protected":false},"excerpt":{"rendered":"Em comunicado, o Benfica deixou cr\u00edticas \u00e0 Liga, mais concretamente \u00e0 organiza\u00e7\u00e3o do cl\u00e1ssico entre o FC Porto&hellip;\n","protected":false},"author":2,"featured_media":99227,"comment_status":"","ping_status":"","sticky":false,"template":"","format":"standard","meta":{"footnotes":""},"categories":[87],"tags":[135,32,33,134],"class_list":{"0":"post-99226","1":"post","2":"type-post","3":"status-publish","4":"format-standard","5":"has-post-thumbnail","7":"category-desporto","8":"tag-desporto","9":"tag-portugal","10":"tag-pt","11":"tag-sports"},"share_on_mastodon":{"url":"","error":""},"_links":{"self":[{"href":"https:\/\/www.europesays.com\/pt\/wp-json\/wp\/v2\/posts\/99226","targetHints":{"allow":["GET"]}}],"collection":[{"href":"https:\/\/www.europesays.com\/pt\/wp-json\/wp\/v2\/posts"}],"about":[{"href":"https:\/\/www.europesays.com\/pt\/wp-json\/wp\/v2\/types\/post"}],"author":[{"embeddable":true,"href":"https:\/\/www.europesays.com\/pt\/wp-json\/wp\/v2\/users\/2"}],"replies":[{"embeddable":true,"href":"https:\/\/www.europesays.com\/pt\/wp-json\/wp\/v2\/comments?post=99226"}],"version-history":[{"count":0,"href":"https:\/\/www.europesays.com\/pt\/wp-json\/wp\/v2\/posts\/99226\/revisions"}],"wp:featuredmedia":[{"embeddable":true,"href":"https:\/\/www.europesays.com\/pt\/wp-json\/wp\/v2\/media\/99227"}],"wp:attachment":[{"href":"https:\/\/www.europesays.com\/pt\/wp-json\/wp\/v2\/media?parent=99226"}],"wp:term":[{"taxonomy":"category","embeddable":true,"href":"https:\/\/www.europesays.com\/pt\/wp-json\/wp\/v2\/categories?post=99226"},{"taxonomy":"post_tag","embeddable":true,"href":"https:\/\/www.europesays.com\/pt\/wp-json\/wp\/v2\/tags?post=99226"}],"curies":[{"name":"wp","href":"https:\/\/api.w.org\/{rel}","templated":true}]}}