{"id":99235,"date":"2025-10-06T01:01:41","date_gmt":"2025-10-06T01:01:41","guid":{"rendered":"https:\/\/www.europesays.com\/pt\/99235\/"},"modified":"2025-10-06T01:01:41","modified_gmt":"2025-10-06T01:01:41","slug":"sporting-bate-oc-barcelos-rumo-a-final","status":"publish","type":"post","link":"https:\/\/www.europesays.com\/pt\/99235\/","title":{"rendered":"Sporting bate OC Barcelos rumo \u00e0 final"},"content":{"rendered":"<p>O Sporting apurou-se para a final do Mundial de Clubes, em San Juan (Argentina), depois de eliminar o OC Barcelos nas meias-finais, por 3-1, e vai este domingo (0h30) decidir o trof\u00e9u, frente ao vencedor do Barcelona (Espanha)-Centro Valenciano (Argentina), que ser\u00e1 disputado ap\u00f3s este encontro.\u00a0<\/p>\n<p>O duelo come\u00e7ou com um golo madrugador de Alessandro Verona, que colocou os le\u00f5es na frente logo aos&#8230; cinco segundos. Roc Pujadas dilatou, minutos depois, a vantagem da equipa de Edo Bosch, mas o OC Barcelos reagiu perto do intervalo. <\/p>\n<p>A jogar em superioridade num\u00e9rica face ao cart\u00e3o azul mostrado ao le\u00e3o Danilo Rampulla, Vieirinha aproveitou o espa\u00e7o ao segundo poste e reduziu a 1.57 minutos do descanso.<\/p>\n<p>No segundo tempo, o OC Barcelos foi pressionando em busca do empate, mas foi Nolito Romero a sentenciar o resultado, ao fazer o 3-1 a 3.08 minutos do fim, na recarga a um livre direto.\u00a0<\/p>\n","protected":false},"excerpt":{"rendered":"O Sporting apurou-se para a final do Mundial de Clubes, em San Juan (Argentina), depois de eliminar o&hellip;\n","protected":false},"author":2,"featured_media":99236,"comment_status":"","ping_status":"","sticky":false,"template":"","format":"standard","meta":{"footnotes":""},"categories":[8],"tags":[27,28,15,16,14,25,26,21,22,12,13,19,20,32,23,24,33,17,18,29,30,31],"class_list":{"0":"post-99235","1":"post","2":"type-post","3":"status-publish","4":"format-standard","5":"has-post-thumbnail","7":"category-principais-noticias","8":"tag-breaking-news","9":"tag-breakingnews","10":"tag-featured-news","11":"tag-featurednews","12":"tag-headlines","13":"tag-latest-news","14":"tag-latestnews","15":"tag-main-news","16":"tag-mainnews","17":"tag-news","18":"tag-noticias","19":"tag-noticias-principais","20":"tag-noticiasprincipais","21":"tag-portugal","22":"tag-principais-noticias","23":"tag-principaisnoticias","24":"tag-pt","25":"tag-top-stories","26":"tag-topstories","27":"tag-ultimas","28":"tag-ultimas-noticias","29":"tag-ultimasnoticias"},"share_on_mastodon":{"url":"","error":""},"_links":{"self":[{"href":"https:\/\/www.europesays.com\/pt\/wp-json\/wp\/v2\/posts\/99235","targetHints":{"allow":["GET"]}}],"collection":[{"href":"https:\/\/www.europesays.com\/pt\/wp-json\/wp\/v2\/posts"}],"about":[{"href":"https:\/\/www.europesays.com\/pt\/wp-json\/wp\/v2\/types\/post"}],"author":[{"embeddable":true,"href":"https:\/\/www.europesays.com\/pt\/wp-json\/wp\/v2\/users\/2"}],"replies":[{"embeddable":true,"href":"https:\/\/www.europesays.com\/pt\/wp-json\/wp\/v2\/comments?post=99235"}],"version-history":[{"count":0,"href":"https:\/\/www.europesays.com\/pt\/wp-json\/wp\/v2\/posts\/99235\/revisions"}],"wp:featuredmedia":[{"embeddable":true,"href":"https:\/\/www.europesays.com\/pt\/wp-json\/wp\/v2\/media\/99236"}],"wp:attachment":[{"href":"https:\/\/www.europesays.com\/pt\/wp-json\/wp\/v2\/media?parent=99235"}],"wp:term":[{"taxonomy":"category","embeddable":true,"href":"https:\/\/www.europesays.com\/pt\/wp-json\/wp\/v2\/categories?post=99235"},{"taxonomy":"post_tag","embeddable":true,"href":"https:\/\/www.europesays.com\/pt\/wp-json\/wp\/v2\/tags?post=99235"}],"curies":[{"name":"wp","href":"https:\/\/api.w.org\/{rel}","templated":true}]}}