{"id":99247,"date":"2025-10-06T01:15:37","date_gmt":"2025-10-06T01:15:37","guid":{"rendered":"https:\/\/www.europesays.com\/pt\/99247\/"},"modified":"2025-10-06T01:15:37","modified_gmt":"2025-10-06T01:15:37","slug":"donald-trump-avisa-que-o-hamas-enfrenta-aniquilacao-total-se-nao-ceder-o-controlo-de-gaza","status":"publish","type":"post","link":"https:\/\/www.europesays.com\/pt\/99247\/","title":{"rendered":"Donald Trump avisa que o Hamas enfrenta &#8220;aniquila\u00e7\u00e3o total&#8221; se n\u00e3o ceder o controlo de Gaza"},"content":{"rendered":"<p>O <strong>presidente dos Estados Unidos (EUA)<\/strong> advertiu hoje que o <strong>Hamas<\/strong> enfrentar\u00e1 a &#8220;<strong>aniquila\u00e7\u00e3o total<\/strong>&#8221; caso recuse ceder o controlo de <strong>Gaza<\/strong> como estipula o seu <strong>plano de paz<\/strong> para acabar com a guerra no territ\u00f3rio, noticiou hoje a <strong>CNN<\/strong>.<\/p>\n<p>Questionado numa entrevista por mensagem de texto sobre quais seriam as consequ\u00eancias se o <strong>Hamas<\/strong> insistisse em manter-se no poder no enclave, <strong>Trump<\/strong> respondeu com um sucinto: &#8220;<strong>Aniquila\u00e7\u00e3o total!<\/strong>&#8220;.<\/p>\n<p>Sobre o compromisso do <strong>Hamas<\/strong>, que aceitou libertar os ref\u00e9ns israelitas em <strong>Gaza<\/strong> como parte da primeira fase do <strong>plano de paz de Trump<\/strong>, o presidente indicou que &#8220;<strong>s\u00f3 o tempo dir\u00e1<\/strong>&#8220;.<\/p>\n<p>Na troca de mensagens, ocorrida este s\u00e1bado antes de <strong>Trump<\/strong> anunciar que <strong>Israel<\/strong> concordou com uma linha inicial de retirada das suas posi\u00e7\u00f5es na <strong>Faixa de Gaza<\/strong>, o presidente norte-americano afirmou que o <strong>primeiro-ministro israelita, Benjamin Netanyahu<\/strong>, concorda em suspender os bombardeamentos e apoia a sua vis\u00e3o para o enclave devastado.<\/p>\n<p><strong>Trump<\/strong> indicou que &#8220;em breve&#8221; teria mais informa\u00e7\u00f5es sobre as inten\u00e7\u00f5es do <strong>Hamas<\/strong> e acrescentou que espera que a sua proposta de <strong>cessar-fogo em Gaza<\/strong> se concretize, entrando em vigor ap\u00f3s a entrega de todos os ref\u00e9ns israelitas em troca de prisioneiros palestinianos.<\/p>\n<p>No s\u00e1bado, o presidente norte-americano advertira o <strong>Hamas<\/strong> de que &#8220;<strong>n\u00e3o tolerar\u00e1 atrasos<\/strong>&#8221; que possam comprometer o <strong>acordo de paz em Gaza<\/strong>.<\/p>\n<p>Hoje, <strong>Trump<\/strong> considerou que este &#8220;<strong>\u00e9 um grande acordo para Israel, para todo o mundo \u00e1rabe, o mundo mu\u00e7ulmano e o mundo inteiro<\/strong>&#8220;, em respostas \u00e0 imprensa na <strong>Casa Branca<\/strong> antes de partir para uma comemora\u00e7\u00e3o dos <strong>250 anos da Marinha dos Estados Unidos<\/strong>, no estado da <strong>Virg\u00ednia<\/strong>.<\/p>\n<p>Sobre a liberta\u00e7\u00e3o de ref\u00e9ns, afirmou que as <strong>delega\u00e7\u00f5es de Israel e do Hamas<\/strong>, com a <strong>media\u00e7\u00e3o do Egito, do Qatar e dos EUA<\/strong>, se encontram &#8220;neste momento a negociar&#8221;.<\/p>\n<p>&#8220;As negocia\u00e7\u00f5es come\u00e7aram nos \u00faltimos dias. Veremos como ser\u00e1 o resultado. Mas, pelo que entendi, est\u00e3o a correr muito bem&#8221;, acrescentou sobre o di\u00e1logo, que deve come\u00e7ar, oficialmente, <strong>segunda-feira, no Cairo<\/strong>.<\/p>\n<p>A <strong>proposta de 20 pontos de Trump<\/strong> prev\u00ea, numa primeira fase, uma troca dos <strong>48 ref\u00e9ns, vivos e mortos, por prisioneiros palestinianos<\/strong>, ap\u00f3s o que haveria um <strong>cessar-fogo imediato na Faixa de Gaza<\/strong>, onde mais de <strong>66.000 pessoas morreram<\/strong> em quase dois anos de guerra.<\/p>\n<p>O plano inclui a <strong>forma\u00e7\u00e3o de um governo de transi\u00e7\u00e3o para Gaza<\/strong>, supervisionado por <strong>Trump<\/strong> e pelo <strong>ex-primeiro-ministro brit\u00e2nico Tony Blair<\/strong>, al\u00e9m da possibilidade de negociar no futuro um <strong>Estado palestiniano<\/strong>, ao qual o <strong>governo israelita<\/strong> se op\u00f5e.<\/p>\n<p>O <strong>Hamas<\/strong> exigiu negociar alguns pontos da proposta, tendo o <strong>primeiro-ministro israelita<\/strong> respondido que o grupo &#8220;<strong>tem de aceitar [o plano] na totalidade<\/strong>&#8220;.<\/p>\n<p>&#8220;<strong>N\u00e3o alimentem o crocodilo, porque ele vir\u00e1 atr\u00e1s de voc\u00eas<\/strong>&#8220;, afirmou <strong>Netanyahu<\/strong> numa entrevista ao canal <strong>Euronews<\/strong>, referindo-se aos l\u00edderes europeus, salientando que agora &#8220;<strong>\u00e9 responsabilidade do Hamas<\/strong>&#8221; aceitar o acordo proposto pelos <strong>EUA<\/strong> e apoiado por <strong>Israel<\/strong>, devolvendo os ref\u00e9ns que ainda tem em seu poder.<\/p>\n<p>Se o <strong>Hamas<\/strong> se recusar a aceitar o plano na \u00edntegra, <strong>Netanyahu<\/strong> advertiu que <strong>Washington<\/strong> apoiar\u00e1 totalmente <strong>Israel<\/strong> nos seus esfor\u00e7os para p\u00f4r fim militar ao conflito.<\/p>\n<p>&#8220;<strong>Esperemos que possamos terminar isto de forma pac\u00edfica e n\u00e3o pela via da viol\u00eancia<\/strong>&#8220;, afirmou na entrevista concedida ao canal com sede em <strong>Lyon, Fran\u00e7a<\/strong>, dois dias antes do <strong>anivers\u00e1rio dos ataques do Hamas<\/strong> em solo israelita, em <strong>07 de outubro de 2023<\/strong>, que mataram <strong>1.200 pessoas<\/strong>.<\/p>\n<p>O <strong>Hamas<\/strong> anunciou esta sexta-feira que aceita libertar todos os ref\u00e9ns israelitas nos termos expressos por <strong>Trump<\/strong>, mas pediu para negociar alguns dos pontos da proposta atrav\u00e9s de mediadores.<\/p>\n<p>O acordo &#8220;<strong>pode ser o in\u00edcio do fim da guerra<\/strong>&#8220;, observou <strong>Netanyahu<\/strong>, argumentando que a raz\u00e3o pela qual o <strong>Hamas<\/strong> o aceita \u00e9 por ter percebido que o fim do movimento &#8220;<strong>est\u00e1 pr\u00f3ximo<\/strong>&#8221; na sequ\u00eancia das <strong>opera\u00e7\u00f5es militares de Israel<\/strong>.<\/p>\n<p>O pol\u00edtico israelita mostrou-se muito cr\u00edtico em rela\u00e7\u00e3o aos <strong>l\u00edderes europeus<\/strong> devido \u00e0 recente onda de <strong>reconhecimentos do Estado palestiniano<\/strong> em resposta ao massacre e \u00e0 crise humanit\u00e1ria em <strong>Gaza<\/strong>, considerando mesmo que foi uma &#8220;<strong>recompensa definitiva ao Hamas ap\u00f3s o maior massacre contra judeus desde o Holocausto<\/strong>&#8220;, numa alus\u00e3o ao atentado de <strong>2023<\/strong>.<\/p>\n<p>Para o <strong>primeiro-ministro de Israel<\/strong>, a <strong>Europa<\/strong> &#8220;cedeu ao terrorismo do Hamas&#8221; e \u00e0 &#8220;propaganda&#8221;, devido \u00e0s informa\u00e7\u00f5es publicadas pelos media internacionais sobre a <strong>cat\u00e1strofe humanit\u00e1ria em Gaza<\/strong>, onde se estima mais de <strong>67 mil palestinianos mortos<\/strong> em dois anos de guerra, na maioria civis.<\/p>\n<p>&#8220;<strong>Espero que a Europa mude de rumo<\/strong>&#8220;, disse <strong>Netanyahu<\/strong>, alegando que o seu governo est\u00e1 &#8220;<strong>a travar a batalha do mundo livre, para impedir que os b\u00e1rbaros invadam a Europa<\/strong>&#8220;.<\/p>\n","protected":false},"excerpt":{"rendered":"O presidente dos Estados Unidos (EUA) advertiu hoje que o Hamas enfrentar\u00e1 a &#8220;aniquila\u00e7\u00e3o total&#8221; caso recuse ceder&hellip;\n","protected":false},"author":2,"featured_media":94192,"comment_status":"","ping_status":"","sticky":false,"template":"","format":"standard","meta":{"footnotes":""},"categories":[8],"tags":[27,28,15,16,14,25,26,21,22,12,13,19,20,32,23,24,33,17,18,29,30,31],"class_list":{"0":"post-99247","1":"post","2":"type-post","3":"status-publish","4":"format-standard","5":"has-post-thumbnail","7":"category-principais-noticias","8":"tag-breaking-news","9":"tag-breakingnews","10":"tag-featured-news","11":"tag-featurednews","12":"tag-headlines","13":"tag-latest-news","14":"tag-latestnews","15":"tag-main-news","16":"tag-mainnews","17":"tag-news","18":"tag-noticias","19":"tag-noticias-principais","20":"tag-noticiasprincipais","21":"tag-portugal","22":"tag-principais-noticias","23":"tag-principaisnoticias","24":"tag-pt","25":"tag-top-stories","26":"tag-topstories","27":"tag-ultimas","28":"tag-ultimas-noticias","29":"tag-ultimasnoticias"},"share_on_mastodon":{"url":"","error":""},"_links":{"self":[{"href":"https:\/\/www.europesays.com\/pt\/wp-json\/wp\/v2\/posts\/99247","targetHints":{"allow":["GET"]}}],"collection":[{"href":"https:\/\/www.europesays.com\/pt\/wp-json\/wp\/v2\/posts"}],"about":[{"href":"https:\/\/www.europesays.com\/pt\/wp-json\/wp\/v2\/types\/post"}],"author":[{"embeddable":true,"href":"https:\/\/www.europesays.com\/pt\/wp-json\/wp\/v2\/users\/2"}],"replies":[{"embeddable":true,"href":"https:\/\/www.europesays.com\/pt\/wp-json\/wp\/v2\/comments?post=99247"}],"version-history":[{"count":0,"href":"https:\/\/www.europesays.com\/pt\/wp-json\/wp\/v2\/posts\/99247\/revisions"}],"wp:featuredmedia":[{"embeddable":true,"href":"https:\/\/www.europesays.com\/pt\/wp-json\/wp\/v2\/media\/94192"}],"wp:attachment":[{"href":"https:\/\/www.europesays.com\/pt\/wp-json\/wp\/v2\/media?parent=99247"}],"wp:term":[{"taxonomy":"category","embeddable":true,"href":"https:\/\/www.europesays.com\/pt\/wp-json\/wp\/v2\/categories?post=99247"},{"taxonomy":"post_tag","embeddable":true,"href":"https:\/\/www.europesays.com\/pt\/wp-json\/wp\/v2\/tags?post=99247"}],"curies":[{"name":"wp","href":"https:\/\/api.w.org\/{rel}","templated":true}]}}