{"id":99268,"date":"2025-10-06T02:24:14","date_gmt":"2025-10-06T02:24:14","guid":{"rendered":"https:\/\/www.europesays.com\/pt\/99268\/"},"modified":"2025-10-06T02:24:14","modified_gmt":"2025-10-06T02:24:14","slug":"braco-do-norte-registra-novo-caso-de-dengue-e-chega-a-cinco-confirmacoes","status":"publish","type":"post","link":"https:\/\/www.europesays.com\/pt\/99268\/","title":{"rendered":"Bra\u00e7o do Norte registra novo caso de dengue e chega a cinco confirma\u00e7\u00f5es"},"content":{"rendered":"<p>\t\t\t\t\t\tSA\u00daDE<\/p>\n<p>05\/10\/2025 17h00<\/p>\n<p class=\"linhadeapoio\">Munic\u00edpio tem mais de 260 focos do mosquito e refor\u00e7a alerta para preven\u00e7\u00e3o<\/p>\n<p>\t\t\t\t\t\t\t\t\t<img decoding=\"async\" src=\"https:\/\/www.europesays.com\/pt\/wp-content\/uploads\/2025\/10\/1759717454_903_01-G.jpg\" \/><br \/>\n\t\t\t\t\t\t\t\t\t\t\t\t\t\t\t\t\t\tDivulga\u00e7\u00e3o<\/p>\n<p>A cidade de Bra\u00e7o do Norte confirmou, na \u00faltima sexta-feira (3), o quinto caso de dengue neste ano. De acordo com o boletim divulgado pela Secretaria de Sa\u00fade, 153 casos suspeitos foram notificados desde janeiro. Destes, 143 foram descartados e outros cinco ainda est\u00e3o em investiga\u00e7\u00e3o.<\/p>\n<p>O n\u00famero de focos do mosquito Aedes aegypti, transmissor da doen\u00e7a, tamb\u00e9m preocupa: j\u00e1 s\u00e3o 262 pontos de prolifera\u00e7\u00e3o identificados em diferentes regi\u00f5es do munic\u00edpio. Apesar do aumento, n\u00e3o h\u00e1 registros de interna\u00e7\u00f5es ou mortes relacionadas \u00e0 dengue at\u00e9 o momento.<\/p>\n<p>CONTINUA DEPOIS DA PUBLICIDADE<\/p>\n<p>A secret\u00e1ria de Sa\u00fade, Luciani Debiase, fez um apelo \u00e0 popula\u00e7\u00e3o para refor\u00e7ar os cuidados em casa. \u201cEliminar \u00e1gua parada \u00e9 essencial. A preven\u00e7\u00e3o come\u00e7a dentro de casa, e cada um precisa fazer sua parte para impedir novos casos\u201d, afirmou.<\/p>\n<p>A Prefeitura segue monitorando a situa\u00e7\u00e3o e orienta que, ao surgirem sintomas como febre alta, dor no corpo, atr\u00e1s dos olhos ou manchas vermelhas na pele, o morador procure atendimento na unidade de sa\u00fade mais pr\u00f3xima.<\/p>\n<p><strong>Receba as principais informa\u00e7\u00f5es do portal em nosso grupo de leitores do WhatsApp. Entre\u00a0<a href=\"https:\/\/chat.whatsapp.com\/HeG3PqbYKi46U6f677uvai\" rel=\"nofollow noopener\" target=\"_blank\">aqui<\/a>.<\/strong><\/p>\n<p>Fonte: Reda\u00e7\u00e3o<\/p>\n","protected":false},"excerpt":{"rendered":"SA\u00daDE 05\/10\/2025 17h00 Munic\u00edpio tem mais de 260 focos do mosquito e refor\u00e7a alerta para preven\u00e7\u00e3o Divulga\u00e7\u00e3o A&hellip;\n","protected":false},"author":2,"featured_media":99269,"comment_status":"","ping_status":"","sticky":false,"template":"","format":"standard","meta":{"footnotes":""},"categories":[86],"tags":[116,32,33,117],"class_list":{"0":"post-99268","1":"post","2":"type-post","3":"status-publish","4":"format-standard","5":"has-post-thumbnail","7":"category-saude","8":"tag-health","9":"tag-portugal","10":"tag-pt","11":"tag-saude"},"share_on_mastodon":{"url":"","error":""},"_links":{"self":[{"href":"https:\/\/www.europesays.com\/pt\/wp-json\/wp\/v2\/posts\/99268","targetHints":{"allow":["GET"]}}],"collection":[{"href":"https:\/\/www.europesays.com\/pt\/wp-json\/wp\/v2\/posts"}],"about":[{"href":"https:\/\/www.europesays.com\/pt\/wp-json\/wp\/v2\/types\/post"}],"author":[{"embeddable":true,"href":"https:\/\/www.europesays.com\/pt\/wp-json\/wp\/v2\/users\/2"}],"replies":[{"embeddable":true,"href":"https:\/\/www.europesays.com\/pt\/wp-json\/wp\/v2\/comments?post=99268"}],"version-history":[{"count":0,"href":"https:\/\/www.europesays.com\/pt\/wp-json\/wp\/v2\/posts\/99268\/revisions"}],"wp:featuredmedia":[{"embeddable":true,"href":"https:\/\/www.europesays.com\/pt\/wp-json\/wp\/v2\/media\/99269"}],"wp:attachment":[{"href":"https:\/\/www.europesays.com\/pt\/wp-json\/wp\/v2\/media?parent=99268"}],"wp:term":[{"taxonomy":"category","embeddable":true,"href":"https:\/\/www.europesays.com\/pt\/wp-json\/wp\/v2\/categories?post=99268"},{"taxonomy":"post_tag","embeddable":true,"href":"https:\/\/www.europesays.com\/pt\/wp-json\/wp\/v2\/tags?post=99268"}],"curies":[{"name":"wp","href":"https:\/\/api.w.org\/{rel}","templated":true}]}}