{"id":99270,"date":"2025-10-06T02:25:09","date_gmt":"2025-10-06T02:25:09","guid":{"rendered":"https:\/\/www.europesays.com\/pt\/99270\/"},"modified":"2025-10-06T02:25:09","modified_gmt":"2025-10-06T02:25:09","slug":"este-vestido-da-hm-pode-ser-usado-como-duas-pecas-em-inumeros-looks-nit","status":"publish","type":"post","link":"https:\/\/www.europesays.com\/pt\/99270\/","title":{"rendered":"Este vestido da H&#038;M pode ser usado como duas pe\u00e7as (em in\u00fameros looks) \u2014 NiT"},"content":{"rendered":"<p>Pierpaolo Piccioli para a Balenciaga, Matthieu Blazy na Chanel e Sarah Burton com a Givenchy. Numa altura em que assistimos \u00e0 estreia de v\u00e1rios diretores criativos \u00e0 frente das principais marcas da ind\u00fastria, \u00e9 f\u00e1cil perceber que todos t\u00eam recebido inspira\u00e7\u00e3o de uma das d\u00e9cadas mais marcantes da moda, os anos 80.\u00a0<\/p>\n<p><strong>Esta energia retro tem sido recuperada sobretudo pela tend\u00eancia de colocar todo o foco nos ombros.<\/strong> Seja atrav\u00e9s de chuma\u00e7os, acolchoados ou cortes impec\u00e1veis, voltaram a estar presentes nos desfiles de outono-inverno e chegaram \u00e0s lojas de marcas como a H&amp;M, atrav\u00e9s de um vestido.<\/p>\n<p><img decoding=\"async\" loading=\"lazy\" class=\" wp-image-1513635\" src=\"https:\/\/www.europesays.com\/pt\/wp-content\/uploads\/2025\/10\/473cc0086712c2524757f26df6a6a137.jpg\" alt=\"\" width=\"514\" height=\"771\"  \/>Custa 79,99\u20ac.<\/p>\n<p>Para esta proposta, a marca sueca deu um twist a duas pe\u00e7as bastante distintas, o vestido e o blazer, conjugando-as num s\u00f3 modelo, em tom de cinza. Tem um corte estruturado com decote redondo, chuma\u00e7os nos ombros e mangas compridas, bem como costuras modeladoras para uma silhueta elegante.<\/p>\n<p>Uma das vantagens \u00e9 que o pode usar de duas formas. Pode optar por vesti-lo como uma s\u00f3 pe\u00e7a curta, com botas de cano alto, ou combinar com um par de cal\u00e7as de alfaiataria no mesmo tom criando um fato elegante. Caso goste de valorizar a silhueta, pode acrescentar um cinto na zona da cintura.<\/p>\n<p>A saia custa 79,99\u20ac no <a href=\"https:\/\/www2.hm.com\/pt_pt\/productpage.1310169001.html?utm_source=google&amp;utm_medium=cpc&amp;utm_campaign=mk_pt|ln_por|pl_google|ct_sh|bu_mens|kt_gen|bg_performance|cs_shopv2|adt_prospecting|sp_med|pi_ptg06anu3aa214&amp;utm_term=&amp;gad_source=1&amp;gad_campaignid=21117050061&amp;gbraid=0AAAAADvrmzQnI2MuI5X3K7aZq82YUam97&amp;gclid=Cj0KCQjwovPGBhDxARIsAFhgkwR5_V5YGPpL_4eEfn0wE7WBpiqgF5xqYeepOj1HHNtvIbR4b4zOI0YaApMoEALw_wcB\" target=\"_blank\" rel=\"nofollow noopener\">site<\/a> da H&amp;M. Est\u00e1 dispon\u00edvel entre os tamanhos 34 e 46.<\/p>\n<p>A NiT andou \u00e0 procura dos cardigans mais giros \u00e0 venda no mercado. Carregue na galeria para conhecer a sele\u00e7\u00e3o de v\u00e1rios estilos e marcas (a partir de 12,99\u20ac).<\/p>\n","protected":false},"excerpt":{"rendered":"Pierpaolo Piccioli para a Balenciaga, Matthieu Blazy na Chanel e Sarah Burton com a Givenchy. Numa altura em&hellip;\n","protected":false},"author":2,"featured_media":99271,"comment_status":"","ping_status":"","sticky":false,"template":"","format":"standard","meta":{"footnotes":""},"categories":[85],"tags":[114,115,32,33],"class_list":{"0":"post-99270","1":"post","2":"type-post","3":"status-publish","4":"format-standard","5":"has-post-thumbnail","7":"category-entretenimento","8":"tag-entertainment","9":"tag-entretenimento","10":"tag-portugal","11":"tag-pt"},"share_on_mastodon":{"url":"","error":""},"_links":{"self":[{"href":"https:\/\/www.europesays.com\/pt\/wp-json\/wp\/v2\/posts\/99270","targetHints":{"allow":["GET"]}}],"collection":[{"href":"https:\/\/www.europesays.com\/pt\/wp-json\/wp\/v2\/posts"}],"about":[{"href":"https:\/\/www.europesays.com\/pt\/wp-json\/wp\/v2\/types\/post"}],"author":[{"embeddable":true,"href":"https:\/\/www.europesays.com\/pt\/wp-json\/wp\/v2\/users\/2"}],"replies":[{"embeddable":true,"href":"https:\/\/www.europesays.com\/pt\/wp-json\/wp\/v2\/comments?post=99270"}],"version-history":[{"count":0,"href":"https:\/\/www.europesays.com\/pt\/wp-json\/wp\/v2\/posts\/99270\/revisions"}],"wp:featuredmedia":[{"embeddable":true,"href":"https:\/\/www.europesays.com\/pt\/wp-json\/wp\/v2\/media\/99271"}],"wp:attachment":[{"href":"https:\/\/www.europesays.com\/pt\/wp-json\/wp\/v2\/media?parent=99270"}],"wp:term":[{"taxonomy":"category","embeddable":true,"href":"https:\/\/www.europesays.com\/pt\/wp-json\/wp\/v2\/categories?post=99270"},{"taxonomy":"post_tag","embeddable":true,"href":"https:\/\/www.europesays.com\/pt\/wp-json\/wp\/v2\/tags?post=99270"}],"curies":[{"name":"wp","href":"https:\/\/api.w.org\/{rel}","templated":true}]}}